{"id":79681,"date":"2020-03-21T14:06:51","date_gmt":"2020-03-21T18:06:51","guid":{"rendered":"https:\/\/linitiative.ca\/International\/forte-mobilisation-pour-le-respect-de-letat-durgence-sanitaire\/"},"modified":"2020-03-21T14:06:51","modified_gmt":"2020-03-21T18:06:51","slug":"forte-mobilisation-pour-le-respect-de-letat-durgence-sanitaire","status":"publish","type":"post","link":"https:\/\/linitiative.ca\/International\/forte-mobilisation-pour-le-respect-de-letat-durgence-sanitaire\/","title":{"rendered":"Forte mobilisation pour le respect de l\u2019\u00e9tat d\u2019urgence sanitaire"},"content":{"rendered":"<div class=\"single-featured\"><img alt=\"\" data-src=\"http:\/\/www.mapmarrakech.ma\/map\/uploads\/2020\/03\/etatdurgancekelaadessraghna-copier.jpg\"\/><\/div>\n<div class=\"single-post-excerpt post-excerpt-bc\" readability=\"40\">\n<p>Marrakech \u2013 D\u00e8s l\u2019entr\u00e9e en vigueur, vendredi \u00e0 18h00 (GMT+1), de l\u2019\u00e9tat d\u2019urgence sanitaire, d\u00e9cr\u00e9t\u00e9 sur l\u2019ensemble du territoire du Royaume pour enrayer la propagation de la pand\u00e9mie du nouveau coronavirus (Covid-19), les autorit\u00e9s locales dans les diff\u00e9rentes provinces de la r\u00e9gion de Marrakech-Safi ont entam\u00e9 les op\u00e9rations d\u2019encadrement et de contr\u00f4le de la circulation, conform\u00e9ment aux consignes et mesures exig\u00e9es par le minist\u00e8re de l\u2019Int\u00e9rieur.<\/p>\n<\/div>\n<div class=\"entry-content clearfix single-post-content\" readability=\"55\">\n<p>A El Kel\u00e2a des Sraghna, les \u00e9l\u00e9ments de la s\u00fbret\u00e9 nationale et des forces auxiliaires ont sillonn\u00e9 les principales avenues, les places publiques et les quartiers r\u00e9sidentiels afin de veiller au respect strict par la population des mesures en vigueur relatives \u00e0 l\u2019\u00e9tat d\u2019urgence sanitaire.<\/p>\n<p>D\u2019autre part, les autorit\u00e9s locales dans les collectivit\u00e9s territoriales de la province ont aussi multipli\u00e9 les campagnes de sensibilisation, en appelant les populations \u00e0 se conformer aux consignes d\u00e9cr\u00e9t\u00e9es par les pouvoirs publics.<\/p>\n<p>Dans le m\u00eame sillage, les autorit\u00e9s locales au niveau de la r\u00e9gion de Marrakech-Safi ont \u00e9t\u00e9 mobilis\u00e9es pour distribuer et remplir l\u2019attestation exceptionnelle de circulation en tant que document officiel que tous les citoyens sont appel\u00e9s \u00e0 pr\u00e9senter aux agents charg\u00e9s du contr\u00f4le, qui seront d\u00e9ploy\u00e9s dans les diff\u00e9rentes rues et avenues.<br \/>L\u2019\u00e9tat d\u2019urgence sanitaire est entr\u00e9 en vigueur, vendredi \u00e0 18H00, et se poursuivra jusqu\u2019\u00e0 nouvel ordre, \u00ab\u00a0comme seul moyen in\u00e9vitable pour garder le coronavirus sous contr\u00f4le\u00a0\u00bb, avait affirm\u00e9 le minist\u00e8re de l\u2019Int\u00e9rieur, rappelle-t-on.<\/p>\n<\/div>\n<p>Auteur: Meriem IGASS<br \/>\n<a href=\"http:\/\/www.mapmarrakech.ma\/fr\/forte-mobilisation-pour-le-respect-de-letat-durgence-sanitaire\/\">Cliquez ici pour lire l&rsquo;article depuis sa source.<\/a><\/p>\n","protected":false},"excerpt":{"rendered":"<p>Marrakech \u2013 D\u00e8s l\u2019entr\u00e9e en vigueur, vendredi \u00e0 18h00 (GMT+1), de l\u2019\u00e9tat d\u2019urgence sanitaire, d\u00e9cr\u00e9t\u00e9 sur l\u2019ensemble du territoire du Royaume pour enrayer la propagation de la pand\u00e9mie du nouveau coronavirus (Covid-19), les autorit\u00e9s locales dans les diff\u00e9rentes provinces de la r\u00e9gion de Marrakech-Safi ont entam\u00e9 les op\u00e9rations d\u2019encadrement et de contr\u00f4le de la circulation, [&hellip;]<\/p>\n","protected":false},"author":1788,"featured_media":79682,"comment_status":"closed","ping_status":"closed","sticky":false,"template":"","format":"standard","meta":{"fifu_image_url":"","fifu_image_alt":"","footnotes":""},"categories":[54,76],"tags":[],"class_list":["post-79681","post","type-post","status-publish","format-standard","has-post-thumbnail","hentry","category-maroc","category-regions"],"_links":{"self":[{"href":"https:\/\/linitiative.ca\/International\/wp-json\/wp\/v2\/posts\/79681","targetHints":{"allow":["GET"]}}],"collection":[{"href":"https:\/\/linitiative.ca\/International\/wp-json\/wp\/v2\/posts"}],"about":[{"href":"https:\/\/linitiative.ca\/International\/wp-json\/wp\/v2\/types\/post"}],"author":[{"embeddable":true,"href":"https:\/\/linitiative.ca\/International\/wp-json\/wp\/v2\/users\/1788"}],"replies":[{"embeddable":true,"href":"https:\/\/linitiative.ca\/International\/wp-json\/wp\/v2\/comments?post=79681"}],"version-history":[{"count":0,"href":"https:\/\/linitiative.ca\/International\/wp-json\/wp\/v2\/posts\/79681\/revisions"}],"wp:featuredmedia":[{"embeddable":true,"href":"https:\/\/linitiative.ca\/International\/wp-json\/"}],"wp:attachment":[{"href":"https:\/\/linitiative.ca\/International\/wp-json\/wp\/v2\/media?parent=79681"}],"wp:term":[{"taxonomy":"category","embeddable":true,"href":"https:\/\/linitiative.ca\/International\/wp-json\/wp\/v2\/categories?post=79681"},{"taxonomy":"post_tag","embeddable":true,"href":"https:\/\/linitiative.ca\/International\/wp-json\/wp\/v2\/tags?post=79681"}],"curies":[{"name":"wp","href":"https:\/\/api.w.org\/{rel}","templated":true}]}}