{"id":79683,"date":"2020-03-21T06:11:27","date_gmt":"2020-03-21T10:11:27","guid":{"rendered":"https:\/\/linitiative.ca\/International\/oran-563-passagers-en-provenance-distanbul-et-alicante-places-en-confinement\/"},"modified":"2020-03-21T06:11:27","modified_gmt":"2020-03-21T10:11:27","slug":"oran-563-passagers-en-provenance-distanbul-et-alicante-places-en-confinement","status":"publish","type":"post","link":"https:\/\/linitiative.ca\/International\/oran-563-passagers-en-provenance-distanbul-et-alicante-places-en-confinement\/","title":{"rendered":"Oran : 563 passagers en provenance d&rsquo;Istanbul et Alicante plac\u00e9s en confinement"},"content":{"rendered":"<p><span class=\"sp-nh-title\">Covid-19 : fermeture imm\u00e9diate des caf\u00e9s et restaurants et arr\u00eat des transports \u00e0 Alger<\/span> &#8211; <span class=\"sp-nh-date\">samedi 21 mars 2020 18:31<\/span><\/p>\n<p><span class=\"sp-nh-title\">Covid-19: des pr\u00e9cautions strictes dans les h\u00f4pitaux pour prot\u00e9ger les personnels et prendre en charge les d\u00e9pouilles des victimes<\/span> &#8211; <span class=\"sp-nh-date\">samedi 21 mars 2020 18:12<\/span><\/p>\n<p><span class=\"sp-nh-title\">Coronavirus: 139 cas confirm\u00e9s, dont 15 d\u00e9c\u00e8s en Alg\u00e9rie<\/span> &#8211; <span class=\"sp-nh-date\">samedi 21 mars 2020 16:44<\/span><\/p>\n<p><span class=\"sp-nh-title\">Coronavirus: les Alg\u00e9riens plus conscients quant \u00e0 la dangerosit\u00e9 du virus<\/span> &#8211; <span class=\"sp-nh-date\">samedi 21 mars 2020 16:19<\/span><\/p>\n<p><span class=\"sp-nh-title\">Coronavirus: des entreprises doublent leur production en produits de d\u00e9sinfection<\/span> &#8211; <span class=\"sp-nh-date\">samedi 21 mars 2020 15:45<\/span><\/p>\n<p><span class=\"sp-nh-title\">Logement dans l\u2019espace ouest-africain: la BAD accorde une facilit\u00e9 de financement<\/span> &#8211; <span class=\"sp-nh-date\">samedi 21 mars 2020 15:35<\/span><\/p>\n<p><span class=\"sp-nh-title\">Ligue 1\/MC Oran: Ghalem Chaouch potentiel candidat \u00e0 la pr\u00e9sidence du club<\/span> &#8211; <span class=\"sp-nh-date\">samedi 21 mars 2020 15:20<\/span><\/p>\n<p><span class=\"sp-nh-title\">Covid-19: Entr\u00e9e en vigueur, dimanche \u00e0 1h00, des mesures prises par le Pr\u00e9sident Tebboune<\/span> &#8211; <span class=\"sp-nh-date\">samedi 21 mars 2020 13:39<\/span><\/p>\n<p><span class=\"sp-nh-title\">Coronavirus: la cr\u00e9ation d&rsquo;une commission de suivi de l&rsquo;\u00e9volution de l&rsquo;\u00e9pid\u00e9mie annonc\u00e9e sous peu \u00a0<\/span> &#8211; <span class=\"sp-nh-date\">samedi 21 mars 2020 13:26<\/span><\/p>\n<p><span class=\"sp-nh-title\">Covid-19: plus de 11.000 morts dans le monde, la pr\u00e9vention se durcit<\/span> &#8211; <span class=\"sp-nh-date\">samedi 21 mars 2020 13:16<\/span><\/p>\n<p><span class=\"sp-nh-title\">Accidents de la circulation: 12 personnes d\u00e9c\u00e9d\u00e9es en 48h<\/span> &#8211; <span class=\"sp-nh-date\">samedi 21 mars 2020 13:08<\/span><\/p>\n<p><span class=\"sp-nh-title\">7 vols pour rapatrier des alg\u00e9riens \u00e0 partir de Tunis, Istanbul, Moscou et Vienne samedi<\/span> &#8211; <span class=\"sp-nh-date\">samedi 21 mars 2020 12:47<\/span><\/p>\n<p><span class=\"sp-nh-title\">Le pr\u00e9sident de la R\u00e9publique pr\u00e9sidera dimanche une r\u00e9union du Conseil des ministres\u00a0<\/span> &#8211; <span class=\"sp-nh-date\">samedi 21 mars 2020 12:16<\/span><\/p>\n<p><span class=\"sp-nh-title\">Une application mobile officielle, d\u00e9velopp\u00e9e pour combattre le coronavirus<\/span> &#8211; <span class=\"sp-nh-date\">samedi 21 mars 2020 11:12<\/span><\/p>\n<p><span class=\"sp-nh-title\">Oran : 563 passagers en provenance d&rsquo;Istanbul et Alicante plac\u00e9s en confinement<\/span> &#8211; <span class=\"sp-nh-date\">samedi 21 mars 2020 11:11<\/span><\/p>\n<p><span class=\"sp-nh-title\">MDN-F\u00eate de la victoire: plusieurs structures militaires baptis\u00e9es des noms de chouhada et moudjahidine<\/span> &#8211; <span class=\"sp-nh-date\">vendredi 20 mars 2020 19:16<\/span><\/p>\n<p><span class=\"sp-nh-title\">DGSN: intensification des mesures pour endiguer la propagation du coronavirus<\/span> &#8211; <span class=\"sp-nh-date\">vendredi 20 mars 2020 19:07<\/span><\/p>\n<p><span class=\"sp-nh-title\">Covid19-Travail: les citoyens appel\u00e9s \u00e0 \u00e9viter les d\u00e9placements aux instances et agences relevant du secteur<\/span> &#8211; <span class=\"sp-nh-date\">vendredi 20 mars 2020 19:00<\/span><\/p>\n<p><span class=\"sp-nh-title\">Coronavirus: attribution de num\u00e9ros de t\u00e9l\u00e9phone courts libre appel<\/span> &#8211; <span class=\"sp-nh-date\">vendredi 20 mars 2020 18:39<\/span><\/p>\n<p><span class=\"sp-nh-title\">Covid19-Foot: Riyad Mahrez se joint \u00e0 la campagne de sensibilisation<\/span> &#8211; <span class=\"sp-nh-date\">vendredi 20 mars 2020 17:44<\/span><\/p>\n<p>Auteur:<br \/>\n<a href=\"http:\/\/www.aps.dz\/regions\/103278-oran-563-passagers-en-provenance-d-istanbul-et-alicante-places-en-confinement\">Cliquez ici pour lire l&rsquo;article depuis sa source.<\/a><\/p>\n","protected":false},"excerpt":{"rendered":"<p>Covid-19 : fermeture imm\u00e9diate des caf\u00e9s et restaurants et arr\u00eat des transports \u00e0 Alger &#8211; samedi 21 mars 2020 18:31 Covid-19: des pr\u00e9cautions strictes dans les h\u00f4pitaux pour prot\u00e9ger les personnels et prendre en charge les d\u00e9pouilles des victimes &#8211; samedi 21 mars 2020 18:12 Coronavirus: 139 cas confirm\u00e9s, dont 15 d\u00e9c\u00e8s en Alg\u00e9rie &#8211; [&hellip;]<\/p>\n","protected":false},"author":1790,"featured_media":0,"comment_status":"closed","ping_status":"closed","sticky":false,"template":"","format":"standard","meta":{"fifu_image_url":"","fifu_image_alt":"","footnotes":""},"categories":[53,76],"tags":[],"class_list":["post-79683","post","type-post","status-publish","format-standard","hentry","category-algerie","category-regions"],"_links":{"self":[{"href":"https:\/\/linitiative.ca\/International\/wp-json\/wp\/v2\/posts\/79683","targetHints":{"allow":["GET"]}}],"collection":[{"href":"https:\/\/linitiative.ca\/International\/wp-json\/wp\/v2\/posts"}],"about":[{"href":"https:\/\/linitiative.ca\/International\/wp-json\/wp\/v2\/types\/post"}],"author":[{"embeddable":true,"href":"https:\/\/linitiative.ca\/International\/wp-json\/wp\/v2\/users\/1790"}],"replies":[{"embeddable":true,"href":"https:\/\/linitiative.ca\/International\/wp-json\/wp\/v2\/comments?post=79683"}],"version-history":[{"count":0,"href":"https:\/\/linitiative.ca\/International\/wp-json\/wp\/v2\/posts\/79683\/revisions"}],"wp:attachment":[{"href":"https:\/\/linitiative.ca\/International\/wp-json\/wp\/v2\/media?parent=79683"}],"wp:term":[{"taxonomy":"category","embeddable":true,"href":"https:\/\/linitiative.ca\/International\/wp-json\/wp\/v2\/categories?post=79683"},{"taxonomy":"post_tag","embeddable":true,"href":"https:\/\/linitiative.ca\/International\/wp-json\/wp\/v2\/tags?post=79683"}],"curies":[{"name":"wp","href":"https:\/\/api.w.org\/{rel}","templated":true}]}}