{"id":79684,"date":"2020-03-21T15:14:00","date_gmt":"2020-03-21T19:14:00","guid":{"rendered":"https:\/\/linitiative.ca\/International\/equipe-dalgerie-coronavirus-brahimi-prenez-soin-de-vous-et-quallah-vous-protege\/"},"modified":"2020-03-21T15:14:00","modified_gmt":"2020-03-21T19:14:00","slug":"equipe-dalgerie-coronavirus-brahimi-prenez-soin-de-vous-et-quallah-vous-protege","status":"publish","type":"post","link":"https:\/\/linitiative.ca\/International\/equipe-dalgerie-coronavirus-brahimi-prenez-soin-de-vous-et-quallah-vous-protege\/","title":{"rendered":"Equipe d&rsquo;Alg\u00e9rie : Coronavirus \/ Brahimi : \u00abPrenez soin de vous et qu\u2019Allah vous prot\u00e8ge\u00bb"},"content":{"rendered":"<div readability=\"32\">\n<p>Auteur : <span>Riad O.<\/span> <span class=\"time\">samedi 21 mars 2020 18:05<\/span><\/p>\n<\/div>\n<div id=\"post_core\" readability=\"46\">\n<p>Pour sa part, Yacine Brahimi, et \u00e0 l\u2019instar de ses co\u00e9quipiers d\u2019Al-Rayyan SC, a post\u00e9 une vid\u00e9o pour demander le respect des consignes et les mesures de pr\u00e9caution afin d\u2019essayer de stopper la propagation du coronavirus: \u00abSalam Alikoum \u00e0 tous. J\u2019esp\u00e8re que vous allez bien. C\u2019est Yacine Brahimi. Une petite vid\u00e9o d\u00e9j\u00e0 pour vous envoyer toute ma force, en esp\u00e9rant que vous vous portez bien pendant cette p\u00e9riode un petit peu d\u00e9licate. Voila, un petit message aussi pour vous dire d\u2019essayer de respecter toutes les attentions qu\u2019on doit appliquer en ce moment, que ce soit se laver les mains, tousser dans son coude, tout ce qu\u2019on peut voir autour de nous et tout ce que les m\u00e9decins et les pharmaciens peuvent nous donner comme aide. \u00bb a-t-il d\u00e9clar\u00e9 dans une vid\u00e9o post\u00e9e par son club d\u2019Al-Rayyan SC, avant d\u2019ajouter\u00a0:\u00a0\u00abDonc voila, j\u2019esp\u00e8re que vous vous portez bien. Prenez soin de vous. Qu\u2019Allah vous prot\u00e8ge, que dieu fasse que cette p\u00e9riode passe vite et que tout le monde gu\u00e9risse inch\u2019Allah.\u00bb<\/p>\n<p><strong>Publi\u00e9 dans :<\/strong> <span>Brahimi<\/span><\/p>\n<\/div>\n<p>Auteur:<br \/>\n<a href=\"http:\/\/www.lebuteur.com\/article\/detail?titre=coronavirus-brahimi-prenez-soin-de-vous-et-quallah-vous-protege&#038;id=95374&#038;utm_source=feedburner&#038;utm_medium=feed&#038;utm_campaign=Feed%3A+GalerieFArtciles+%28Les+derniers+articles++-+lebuteur.com%29\">Cliquez ici pour lire l&rsquo;article depuis sa source.<\/a><\/p>\n","protected":false},"excerpt":{"rendered":"<p>Auteur : Riad O. samedi 21 mars 2020 18:05 Pour sa part, Yacine Brahimi, et \u00e0 l\u2019instar de ses co\u00e9quipiers d\u2019Al-Rayyan SC, a post\u00e9 une vid\u00e9o pour demander le respect des consignes et les mesures de pr\u00e9caution afin d\u2019essayer de stopper la propagation du coronavirus: \u00abSalam Alikoum \u00e0 tous. J\u2019esp\u00e8re que vous allez bien. C\u2019est [&hellip;]<\/p>\n","protected":false},"author":1738,"featured_media":79685,"comment_status":"closed","ping_status":"closed","sticky":false,"template":"","format":"standard","meta":{"fifu_image_url":"","fifu_image_alt":"","footnotes":""},"categories":[53,75],"tags":[],"class_list":["post-79684","post","type-post","status-publish","format-standard","has-post-thumbnail","hentry","category-algerie","category-sport"],"_links":{"self":[{"href":"https:\/\/linitiative.ca\/International\/wp-json\/wp\/v2\/posts\/79684","targetHints":{"allow":["GET"]}}],"collection":[{"href":"https:\/\/linitiative.ca\/International\/wp-json\/wp\/v2\/posts"}],"about":[{"href":"https:\/\/linitiative.ca\/International\/wp-json\/wp\/v2\/types\/post"}],"author":[{"embeddable":true,"href":"https:\/\/linitiative.ca\/International\/wp-json\/wp\/v2\/users\/1738"}],"replies":[{"embeddable":true,"href":"https:\/\/linitiative.ca\/International\/wp-json\/wp\/v2\/comments?post=79684"}],"version-history":[{"count":0,"href":"https:\/\/linitiative.ca\/International\/wp-json\/wp\/v2\/posts\/79684\/revisions"}],"wp:featuredmedia":[{"embeddable":true,"href":"https:\/\/linitiative.ca\/International\/wp-json\/"}],"wp:attachment":[{"href":"https:\/\/linitiative.ca\/International\/wp-json\/wp\/v2\/media?parent=79684"}],"wp:term":[{"taxonomy":"category","embeddable":true,"href":"https:\/\/linitiative.ca\/International\/wp-json\/wp\/v2\/categories?post=79684"},{"taxonomy":"post_tag","embeddable":true,"href":"https:\/\/linitiative.ca\/International\/wp-json\/wp\/v2\/tags?post=79684"}],"curies":[{"name":"wp","href":"https:\/\/api.w.org\/{rel}","templated":true}]}}