{"id":79686,"date":"2020-03-21T15:14:03","date_gmt":"2020-03-21T19:14:03","guid":{"rendered":"https:\/\/linitiative.ca\/International\/equipe-dalgerie-coronavirus-atal-prenez-soin-de-vous-et-de-vos-familles\/"},"modified":"2020-03-21T15:14:03","modified_gmt":"2020-03-21T19:14:03","slug":"equipe-dalgerie-coronavirus-atal-prenez-soin-de-vous-et-de-vos-familles","status":"publish","type":"post","link":"https:\/\/linitiative.ca\/International\/equipe-dalgerie-coronavirus-atal-prenez-soin-de-vous-et-de-vos-familles\/","title":{"rendered":"Equipe d&rsquo;Alg\u00e9rie : Coronavirus \/ Atal : \u00abPrenez soin de vous et de vos familles\u00bb"},"content":{"rendered":"<div readability=\"32\">\n<p>Auteur : <span>Riad O.<\/span> <span class=\"time\">samedi 21 mars 2020 18:07<\/span><\/p>\n<\/div>\n<div id=\"post_core\" readability=\"39\">\n<p>Pour sa part, le lat\u00e9ral droit de l\u2019EN, Youcef Atal a lui aussi tenu \u00e0 se prononcer sur l\u2019\u00e9pid\u00e9mie du Coronavirus en appelant les Alg\u00e9riens \u00e0 prendre soin d\u2019eux et de rester surtout chez eux . Le lat\u00e9ral droit de l\u2019OGC Nice a post\u00e9 une vid\u00e9o sur les r\u00e9seaux sociaux : \u00abSalam alikoum, je voulais faire passer ce message \u00e0 tout le peuple Alg\u00e9rien. Il faut savoir que la situation que nous vivions aujourd\u2019hui n\u2019est pas facile du tout. Que dieu nous aide \u00e0 nous en sortir. De notre cot\u00e9, on doit faire le n\u00e9cessaire pour \u00e9viter la propagation de ce virus. Il faut \u00e9viter de sortir dehors et de se rendre dans les endroits o\u00f9 se trouves beaucoup de personnes. Prenez soin de vous et de vos familles et appliquez \u00e0 la lettre ce qu\u2019on vous demande de faire pour \u00e9viter la propagation de ce virus.\u00bb<\/p>\n<p><strong>Publi\u00e9 dans :<\/strong> <span>Atal<\/span><\/p>\n<\/div>\n<p>Auteur:<br \/>\n<a href=\"http:\/\/www.lebuteur.com\/article\/detail?titre=coronavirus-atal-prenez-soin-de-vous-et-de-vos-familles&#038;id=95375&#038;utm_source=feedburner&#038;utm_medium=feed&#038;utm_campaign=Feed%3A+GalerieFArtciles+%28Les+derniers+articles++-+lebuteur.com%29\">Cliquez ici pour lire l&rsquo;article depuis sa source.<\/a><\/p>\n","protected":false},"excerpt":{"rendered":"<p>Auteur : Riad O. samedi 21 mars 2020 18:07 Pour sa part, le lat\u00e9ral droit de l\u2019EN, Youcef Atal a lui aussi tenu \u00e0 se prononcer sur l\u2019\u00e9pid\u00e9mie du Coronavirus en appelant les Alg\u00e9riens \u00e0 prendre soin d\u2019eux et de rester surtout chez eux . Le lat\u00e9ral droit de l\u2019OGC Nice a post\u00e9 une vid\u00e9o [&hellip;]<\/p>\n","protected":false},"author":1738,"featured_media":79687,"comment_status":"closed","ping_status":"closed","sticky":false,"template":"","format":"standard","meta":{"fifu_image_url":"","fifu_image_alt":"","footnotes":""},"categories":[53,75],"tags":[],"class_list":["post-79686","post","type-post","status-publish","format-standard","has-post-thumbnail","hentry","category-algerie","category-sport"],"_links":{"self":[{"href":"https:\/\/linitiative.ca\/International\/wp-json\/wp\/v2\/posts\/79686","targetHints":{"allow":["GET"]}}],"collection":[{"href":"https:\/\/linitiative.ca\/International\/wp-json\/wp\/v2\/posts"}],"about":[{"href":"https:\/\/linitiative.ca\/International\/wp-json\/wp\/v2\/types\/post"}],"author":[{"embeddable":true,"href":"https:\/\/linitiative.ca\/International\/wp-json\/wp\/v2\/users\/1738"}],"replies":[{"embeddable":true,"href":"https:\/\/linitiative.ca\/International\/wp-json\/wp\/v2\/comments?post=79686"}],"version-history":[{"count":0,"href":"https:\/\/linitiative.ca\/International\/wp-json\/wp\/v2\/posts\/79686\/revisions"}],"wp:featuredmedia":[{"embeddable":true,"href":"https:\/\/linitiative.ca\/International\/wp-json\/"}],"wp:attachment":[{"href":"https:\/\/linitiative.ca\/International\/wp-json\/wp\/v2\/media?parent=79686"}],"wp:term":[{"taxonomy":"category","embeddable":true,"href":"https:\/\/linitiative.ca\/International\/wp-json\/wp\/v2\/categories?post=79686"},{"taxonomy":"post_tag","embeddable":true,"href":"https:\/\/linitiative.ca\/International\/wp-json\/wp\/v2\/tags?post=79686"}],"curies":[{"name":"wp","href":"https:\/\/api.w.org\/{rel}","templated":true}]}}