{"id":79688,"date":"2020-03-21T15:14:06","date_gmt":"2020-03-21T19:14:06","guid":{"rendered":"https:\/\/linitiative.ca\/International\/equipe-dalgerie-coronavirus-bennacer-inchallah-ca-va-aller\/"},"modified":"2020-03-21T15:14:06","modified_gmt":"2020-03-21T19:14:06","slug":"equipe-dalgerie-coronavirus-bennacer-inchallah-ca-va-aller","status":"publish","type":"post","link":"https:\/\/linitiative.ca\/International\/equipe-dalgerie-coronavirus-bennacer-inchallah-ca-va-aller\/","title":{"rendered":"Equipe d&rsquo;Alg\u00e9rie : Coronavirus \/ Bennacer : \u00abInch\u2019Allah, \u00e7a va aller\u00bb"},"content":{"rendered":"<div readability=\"32\">\n<p>Auteur : <span>Riad O.<\/span> <span class=\"time\">samedi 21 mars 2020 18:08<\/span><\/p>\n<\/div>\n<div id=\"post_core\" readability=\"45\">\n<p>Les stars de l\u2019EN continuent\u00a0 de se prononcer sur l\u2019\u00e9pid\u00e9mie de Covid-19\u00a0 frappant le monde et l\u2019Alg\u00e9rie. Hier soir, et \u00e0 l\u2019instar de ses co\u00e9quipiers en s\u00e9lection, le joueur milieu de terrain Alg\u00e9rien du Milan AC, Isma\u00ebl Bennacer a invit\u00e9 le peuple Alg\u00e9rien\u00a0 \u00e0 bien suivre les conseils des organisations de sant\u00e9 et des autorit\u00e9s publiques: \u00abSalam Alikoum, c\u2019est Isma\u00ebl Bennacer. Voila, j\u2019ai un petit message \u00e0 passer \u00e0 tout le peuple Alg\u00e9rien. C\u2019est pour vous dire qu\u2019on est ensemble, qu\u2019il faut rester chez soi, qu\u2019il faut faire attention \u00e0 votre famille, et il faut respecter surtout les r\u00e8gles, et \u00eatre solidaire, et inch\u2019allah \u00e7a va aller. Salam Alikoum.\u00bb a-t-il expliqu\u00e9 dans une vid\u00e9o post\u00e9e sur les r\u00e9seaux sociaux.<\/p>\n<p><strong>Publi\u00e9 dans :<\/strong> <span>BENNACER<\/span><\/p>\n<\/div>\n<p>Auteur:<br \/>\n<a href=\"http:\/\/www.lebuteur.com\/article\/detail?titre=coronavirus-bennacer-inchallah-ca-va-aller&#038;id=95376&#038;utm_source=feedburner&#038;utm_medium=feed&#038;utm_campaign=Feed%3A+GalerieFArtciles+%28Les+derniers+articles++-+lebuteur.com%29\">Cliquez ici pour lire l&rsquo;article depuis sa source.<\/a><\/p>\n","protected":false},"excerpt":{"rendered":"<p>Auteur : Riad O. samedi 21 mars 2020 18:08 Les stars de l\u2019EN continuent\u00a0 de se prononcer sur l\u2019\u00e9pid\u00e9mie de Covid-19\u00a0 frappant le monde et l\u2019Alg\u00e9rie. Hier soir, et \u00e0 l\u2019instar de ses co\u00e9quipiers en s\u00e9lection, le joueur milieu de terrain Alg\u00e9rien du Milan AC, Isma\u00ebl Bennacer a invit\u00e9 le peuple Alg\u00e9rien\u00a0 \u00e0 bien suivre [&hellip;]<\/p>\n","protected":false},"author":1738,"featured_media":79689,"comment_status":"closed","ping_status":"closed","sticky":false,"template":"","format":"standard","meta":{"fifu_image_url":"","fifu_image_alt":"","footnotes":""},"categories":[53,75],"tags":[],"class_list":["post-79688","post","type-post","status-publish","format-standard","has-post-thumbnail","hentry","category-algerie","category-sport"],"_links":{"self":[{"href":"https:\/\/linitiative.ca\/International\/wp-json\/wp\/v2\/posts\/79688","targetHints":{"allow":["GET"]}}],"collection":[{"href":"https:\/\/linitiative.ca\/International\/wp-json\/wp\/v2\/posts"}],"about":[{"href":"https:\/\/linitiative.ca\/International\/wp-json\/wp\/v2\/types\/post"}],"author":[{"embeddable":true,"href":"https:\/\/linitiative.ca\/International\/wp-json\/wp\/v2\/users\/1738"}],"replies":[{"embeddable":true,"href":"https:\/\/linitiative.ca\/International\/wp-json\/wp\/v2\/comments?post=79688"}],"version-history":[{"count":0,"href":"https:\/\/linitiative.ca\/International\/wp-json\/wp\/v2\/posts\/79688\/revisions"}],"wp:featuredmedia":[{"embeddable":true,"href":"https:\/\/linitiative.ca\/International\/wp-json\/"}],"wp:attachment":[{"href":"https:\/\/linitiative.ca\/International\/wp-json\/wp\/v2\/media?parent=79688"}],"wp:term":[{"taxonomy":"category","embeddable":true,"href":"https:\/\/linitiative.ca\/International\/wp-json\/wp\/v2\/categories?post=79688"},{"taxonomy":"post_tag","embeddable":true,"href":"https:\/\/linitiative.ca\/International\/wp-json\/wp\/v2\/tags?post=79688"}],"curies":[{"name":"wp","href":"https:\/\/api.w.org\/{rel}","templated":true}]}}