{"id":79696,"date":"2020-03-21T12:30:00","date_gmt":"2020-03-21T16:30:00","guid":{"rendered":"https:\/\/linitiative.ca\/International\/alcool-destine-a-la-fabrication-de-gels-hydro-alcooliques-m-benbahmed-annonce-que-les-importations-sont-debloquees\/"},"modified":"2020-03-21T12:30:00","modified_gmt":"2020-03-21T16:30:00","slug":"alcool-destine-a-la-fabrication-de-gels-hydro-alcooliques-m-benbahmed-annonce-que-les-importations-sont-debloquees","status":"publish","type":"post","link":"https:\/\/linitiative.ca\/International\/alcool-destine-a-la-fabrication-de-gels-hydro-alcooliques-m-benbahmed-annonce-que-les-importations-sont-debloquees\/","title":{"rendered":"Alcool destin\u00e9 \u00e0 la fabrication de gels hydro-alcooliques :M. Benbahmed annonce que les importations sont d\u00e9bloqu\u00e9es"},"content":{"rendered":"<p>Il a fait savoir, que le minist\u00e8re des Finances \u00e9tait en train de d\u00e9bloquer actuellement des quotas d\u2019alcool au profit des fabricants locaux de ces produits.<\/p>\n<p>S&rsquo;agissant de l\u2019utilisation de ces gels, elle \u00abdoit se limiter aux endroits o\u00f9 l\u2019eau n\u2019est pas disponible hors de chez soi\u00bb, a pr\u00e9conis\u00e9 le ministre.<\/p>\n<p>Il a soutenu que l&rsquo;utilisation de ces gels n&rsquo;\u00e9tait pas n\u00e9cessaire lorsque l&rsquo;individu peut se laver les mains \u00e0 l&rsquo;eau et au savon pendant une trentaine de secondes, ce qui permettra d&rsquo;\u00e9viter de gaspiller de gel hydro-alcoolique.<\/p>\n<p>A propos de l&rsquo;activit\u00e9 de l&rsquo;industrie et des laboratoires pharmaceutiques pour la fabrication des diff\u00e9rents produits n\u00e9cessaires pour lutter contre le coronavirus, le ministre d\u00e9l\u00e9gu\u00e9 a affirm\u00e9 que les unit\u00e9s de production continuaient \u00e0 fonctionner normalement dans le respect de la s\u00e9curit\u00e9 et de la sant\u00e9 des salari\u00e9s.<\/p>\n<p>\u00abLes laboratoires pharmaceutiques se sont r\u00e9organis\u00e9s pour pouvoir prendre en charge la sant\u00e9 publique tout en veillant \u00e0 la s\u00e9curit\u00e9 de leur personnel et de leurs familles\u00bb, a-t-il assur\u00e9.<\/p>\n<p>Interrog\u00e9 sur d&rsquo;\u00e9ventuels \u00abtraitements\u00bb que pourrait mettre en \u0153uvre le corps m\u00e9dical en Alg\u00e9rie au profit des patients atteints du coronavirus, M. Benbahmed a fait savoir que \u00abm\u00eame si, actuellement, il n\u2019y a pas encore de m\u00e9dicaments contre ce virus, des pistes de traitement existent comme celui se basant sur la chloroquine\u00bb.<\/p>\n<p>Ce compos\u00e9, fabriqu\u00e9 localement, est utilis\u00e9 pour le traitement du paludisme et du lupus et l&rsquo;Alg\u00e9rie poss\u00e8de des stocks importants dans l&rsquo;attente d&rsquo;une \u00e9ventuelle validation par l&rsquo;OMS d&rsquo;un traitement \u00e0 base de chloroquine.<\/p>\n<p>M. Benbahmed a indiqu\u00e9 que son d\u00e9partement, tout comme le minist\u00e8re de la Sant\u00e9, s&rsquo;\u00e9tait \u00abinscrit dans une strat\u00e9gie de pr\u00e9vention solide sur le long terme\u00bb, \u00e9tant donn\u00e9 que le coronavirus est susceptible d&rsquo;\u00eatre saisonnier comme la grippe.<\/p>\n<p>\u00abIl est possible donc d\u2019avoir un rebond de l\u2019\u00e9pid\u00e9mie en octobre. Nous ne sommes pas sur une politique \u00e0 court terme, ce sera un combat de longue haleine. Il y aura un avant et un apr\u00e8s coronavirus\u00bb, a-t-il expliqu\u00e9.<\/p>\n<p>Outre la protection par masque m\u00e9dical et l\u2019utilisation de gels hydro-alcooliques, le ministre d\u00e9l\u00e9gu\u00e9 a not\u00e9 l&rsquo;int\u00e9r\u00eat pour les citoyens d&rsquo;utiliser les produits d\u00e9sinfectants tels que l&rsquo;eau de javel. Selon lui, \u00e9viter un pic \u00e9pid\u00e9mique d\u00e9pend de la capacit\u00e9 des individus \u00e0 avoir le sens de la responsabilit\u00e9, en se confinant chez eux et en \u00e9vitant le contact avec leurs proches en cas de sympt\u00f4mes grippaux.<\/p>\n<p>Il fera, faisant observer que \u00ables pays o\u00f9 les r\u00e8gles d\u2019hygi\u00e8ne et de s\u00e9curit\u00e9 ont \u00e9t\u00e9 respect\u00e9es, n\u2019ont pas connu de pic \u00e9pid\u00e9mique, tandis que ceux qui ont \u00e9t\u00e9 indisciplin\u00e9s vivent une situation dramatique\u00bb.<\/p>\n<p>\u00abC\u2019est en se prot\u00e9geant que l\u2019on prot\u00e8ge les siens\u00bb, a-t-il insist\u00e9, appelant la population \u00e0 \u00e9viter les contacts, \u00e0 se laver constamment les mains et \u00e0 nettoyer son environnement \u00e0 l\u2019eau de javel au moins deux fois par jour.<\/p>\n<p>Il a fait savoir qu&rsquo;il est conseill\u00e9, en cas d&rsquo;\u00e9ternuement, de toux ou de fi\u00e8vre, de s&rsquo;isoler chez soi. Et de se rapprocher des services de sant\u00e9 en cas de difficult\u00e9s respiratoires.<\/p>\n<p>Auteur: elmoudjahid<br \/>\n<a href=\"http:\/\/www.elmoudjahid.com\/fr\/actualites\/150178\">Cliquez ici pour lire l&rsquo;article depuis sa source.<\/a><\/p>\n","protected":false},"excerpt":{"rendered":"<p>Il a fait savoir, que le minist\u00e8re des Finances \u00e9tait en train de d\u00e9bloquer actuellement des quotas d\u2019alcool au profit des fabricants locaux de ces produits. S&rsquo;agissant de l\u2019utilisation de ces gels, elle \u00abdoit se limiter aux endroits o\u00f9 l\u2019eau n\u2019est pas disponible hors de chez soi\u00bb, a pr\u00e9conis\u00e9 le ministre. Il a soutenu que [&hellip;]<\/p>\n","protected":false},"author":1744,"featured_media":0,"comment_status":"closed","ping_status":"closed","sticky":false,"template":"","format":"standard","meta":{"fifu_image_url":"","fifu_image_alt":"","footnotes":""},"categories":[73,53],"tags":[],"class_list":["post-79696","post","type-post","status-publish","format-standard","hentry","category-actualite","category-algerie"],"_links":{"self":[{"href":"https:\/\/linitiative.ca\/International\/wp-json\/wp\/v2\/posts\/79696","targetHints":{"allow":["GET"]}}],"collection":[{"href":"https:\/\/linitiative.ca\/International\/wp-json\/wp\/v2\/posts"}],"about":[{"href":"https:\/\/linitiative.ca\/International\/wp-json\/wp\/v2\/types\/post"}],"author":[{"embeddable":true,"href":"https:\/\/linitiative.ca\/International\/wp-json\/wp\/v2\/users\/1744"}],"replies":[{"embeddable":true,"href":"https:\/\/linitiative.ca\/International\/wp-json\/wp\/v2\/comments?post=79696"}],"version-history":[{"count":0,"href":"https:\/\/linitiative.ca\/International\/wp-json\/wp\/v2\/posts\/79696\/revisions"}],"wp:attachment":[{"href":"https:\/\/linitiative.ca\/International\/wp-json\/wp\/v2\/media?parent=79696"}],"wp:term":[{"taxonomy":"category","embeddable":true,"href":"https:\/\/linitiative.ca\/International\/wp-json\/wp\/v2\/categories?post=79696"},{"taxonomy":"post_tag","embeddable":true,"href":"https:\/\/linitiative.ca\/International\/wp-json\/wp\/v2\/tags?post=79696"}],"curies":[{"name":"wp","href":"https:\/\/api.w.org\/{rel}","templated":true}]}}