{"id":79698,"date":"2020-03-21T12:50:00","date_gmt":"2020-03-21T16:50:00","guid":{"rendered":"https:\/\/linitiative.ca\/International\/coronavirus-139-cas-confirmes-dont-15-deces-en-algerie-fourar\/"},"modified":"2020-03-21T12:50:00","modified_gmt":"2020-03-21T16:50:00","slug":"coronavirus-139-cas-confirmes-dont-15-deces-en-algerie-fourar","status":"publish","type":"post","link":"https:\/\/linitiative.ca\/International\/coronavirus-139-cas-confirmes-dont-15-deces-en-algerie-fourar\/","title":{"rendered":"Coronavirus : 139 cas confirm\u00e9s, dont 15 d\u00e9c\u00e8s en Alg\u00e9rie (Fourar)"},"content":{"rendered":"<p>Cent-trente-neuf (139) personnes ont \u00e9t\u00e9 infect\u00e9es par le coronavirus (Covid-19), en Alg\u00e9rie, dont quinze (15) d\u00e9c\u00e8s, a annonc\u00e9 samedi le Directeur g\u00e9n\u00e9ral de la pr\u00e9vention au minist\u00e8re de la Sant\u00e9, de la Population et de la R\u00e9forme hospitali\u00e8re et porte-parole du comit\u00e9 scientifique de suivi de l&rsquo;\u00e9volution de la pand\u00e9mie du Coronavirus (COVID-19), Djamel Fourar.<\/p>\n<p><span>PUBLIE LE : 21-03-2020 | 17:50<\/span><br \/>\nAuteur: elmoudjahid<br \/>\n<a href=\"http:\/\/www.elmoudjahid.com\/fr\/actualites\/150180\">Cliquez ici pour lire l&rsquo;article depuis sa source.<\/a><\/p>\n","protected":false},"excerpt":{"rendered":"<p>Cent-trente-neuf (139) personnes ont \u00e9t\u00e9 infect\u00e9es par le coronavirus (Covid-19), en Alg\u00e9rie, dont quinze (15) d\u00e9c\u00e8s, a annonc\u00e9 samedi le Directeur g\u00e9n\u00e9ral de la pr\u00e9vention au minist\u00e8re de la Sant\u00e9, de la Population et de la R\u00e9forme hospitali\u00e8re et porte-parole du comit\u00e9 scientifique de suivi de l&rsquo;\u00e9volution de la pand\u00e9mie du Coronavirus (COVID-19), Djamel Fourar. [&hellip;]<\/p>\n","protected":false},"author":1744,"featured_media":0,"comment_status":"closed","ping_status":"closed","sticky":false,"template":"","format":"standard","meta":{"fifu_image_url":"","fifu_image_alt":"","footnotes":""},"categories":[73,53],"tags":[],"class_list":["post-79698","post","type-post","status-publish","format-standard","hentry","category-actualite","category-algerie"],"_links":{"self":[{"href":"https:\/\/linitiative.ca\/International\/wp-json\/wp\/v2\/posts\/79698","targetHints":{"allow":["GET"]}}],"collection":[{"href":"https:\/\/linitiative.ca\/International\/wp-json\/wp\/v2\/posts"}],"about":[{"href":"https:\/\/linitiative.ca\/International\/wp-json\/wp\/v2\/types\/post"}],"author":[{"embeddable":true,"href":"https:\/\/linitiative.ca\/International\/wp-json\/wp\/v2\/users\/1744"}],"replies":[{"embeddable":true,"href":"https:\/\/linitiative.ca\/International\/wp-json\/wp\/v2\/comments?post=79698"}],"version-history":[{"count":0,"href":"https:\/\/linitiative.ca\/International\/wp-json\/wp\/v2\/posts\/79698\/revisions"}],"wp:attachment":[{"href":"https:\/\/linitiative.ca\/International\/wp-json\/wp\/v2\/media?parent=79698"}],"wp:term":[{"taxonomy":"category","embeddable":true,"href":"https:\/\/linitiative.ca\/International\/wp-json\/wp\/v2\/categories?post=79698"},{"taxonomy":"post_tag","embeddable":true,"href":"https:\/\/linitiative.ca\/International\/wp-json\/wp\/v2\/tags?post=79698"}],"curies":[{"name":"wp","href":"https:\/\/api.w.org\/{rel}","templated":true}]}}