{"id":79703,"date":"2020-03-21T13:48:00","date_gmt":"2020-03-21T17:48:00","guid":{"rendered":"https:\/\/linitiative.ca\/International\/ministere-de-la-communication-vers-la-creation-dune-commission-de-suivi-du-coronavirus\/"},"modified":"2020-03-21T13:48:00","modified_gmt":"2020-03-21T17:48:00","slug":"ministere-de-la-communication-vers-la-creation-dune-commission-de-suivi-du-coronavirus","status":"publish","type":"post","link":"https:\/\/linitiative.ca\/International\/ministere-de-la-communication-vers-la-creation-dune-commission-de-suivi-du-coronavirus\/","title":{"rendered":"MINISTERE DE LA COMMUNICATION  : Vers la cr\u00e9ation d&rsquo;une commission de suivi du coronavirus"},"content":{"rendered":"<p><br id=\"sep_para_1\" class=\"sep_para access\"\/><\/p>\n<div id=\"para_1\" class=\"para_36076663 resize\">\n<div class=\"photo shadow left\"><a href=\"javascript:void(0)\" rel=\"https:\/\/www.reflexiondz.net\/photo\/art\/grande\/43882744-36076663.jpg?v=1584814098&amp;ibox\" title=\"MINISTERE DE LA COMMUNICATION : Vers la cr\u00e9ation d'une commission de suivi du coronavirus\"><img decoding=\"async\" class=\"responsive c9\" src=\"https:\/\/www.reflexiondz.net\/photo\/art\/grande\/43882744-36076663.jpg?v=1584814098\" alt=\"MINISTERE DE LA COMMUNICATION : Vers la cr\u00e9ation d'une commission de suivi du coronavirus\" title=\"MINISTERE DE LA COMMUNICATION : Vers la cr\u00e9ation d'une commission de suivi du coronavirus\"\/><img decoding=\"async\" class=\"not-responsive\" src=\"https:\/\/www.reflexiondz.net\/photo\/art\/default\/43882744-36076663.jpg?v=1584814098\" alt=\"MINISTERE DE LA COMMUNICATION : Vers la cr\u00e9ation d'une commission de suivi du coronavirus\" title=\"MINISTERE DE LA COMMUNICATION : Vers la cr\u00e9ation d'une commission de suivi du coronavirus\"\/><\/a><\/div>\n<div class=\"texte access firstletter\">En effet, Compos\u00e9e d&rsquo;experts de la sant\u00e9 et d&rsquo;\u00e9minents m\u00e9decins sp\u00e9cialistes, notamment en mati\u00e8re de maladies infectieuses, cette commission\u00a0 tiendra des conf\u00e9rences de presse quotidiennes et hebdomadaires pour tenir l&rsquo;opinion publique inform\u00e9e de la situation pr\u00e9valant dans le pays, les derni\u00e8res statistiques relatives \u00e0 la contagion, ainsi que les mesures et pr\u00e9cautions prises pour faire face \u00e0 cette \u00e9pid\u00e9mie. Pour rappel, cette commission sera cr\u00e9\u00e9e en application de la d\u00e9cision du pr\u00e9sident de la R\u00e9publique, Abdelmadjid Tebboune qui a appel\u00e9 \u00e0 doter l&rsquo;actuelle commission de vigilance et de suivi au minist\u00e8re de la Sant\u00e9, de la population et de la r\u00e9forme hospitali\u00e8re d&rsquo;un \u00ab\u00a0comit\u00e9 scientifique de suivi de l&rsquo;\u00e9volution de la pand\u00e9mie du Coronavirus (COVID-19), compos\u00e9 d&rsquo;\u00e9minents m\u00e9decins sp\u00e9cialistes \u00e0 travers tout le territoire national sous la supervision du ministre de la Sant\u00e9, de la Population et de la R\u00e9forme hospitali\u00e8re, et dont la t\u00e2che consistera \u00e0 suivre l&rsquo;\u00e9volution de la pand\u00e9mie et \u00e0 en informer l&rsquo;opinion publique quotidiennement et de mani\u00e8re r\u00e9guli\u00e8re\u00a0\u00bb. Lors d&rsquo;une r\u00e9union compl\u00e9mentaire \u00e0 la s\u00e9ance de travail du 17 mars en cours, le Pr\u00e9sident de la R\u00e9publique avait pris une batterie de mesures visant \u00e0 faire face au Coronavirus et limiter sa propagation. Ces mesures entreront en vigueur \u00e0 partir de dimanche \u00e0 01:00 et s&rsquo;\u00e9taleront jusqu&rsquo;au 4 avril. Elles seront soit lev\u00e9es, soit prolong\u00e9es en fonction des nouvelles donnes. A ce titre, il a \u00e9t\u00e9 d\u00e9cid\u00e9 la suspension de tous les moyens de transport en commun publics et priv\u00e9s \u00e0 l\u2019int\u00e9rieur des villes et inter-wilayas ainsi que le trafic ferroviaire, la d\u00e9mobilisation de 50% des employ\u00e9s et le maintien des employ\u00e9s des services vitaux n\u00e9cessaires, avec maintien des salaires, et la d\u00e9mobilisation des femmes travailleuses ayant des enfants en bas \u00e2ges. Les cat\u00e9gories concern\u00e9es par la d\u00e9mobilisation seront d\u00e9finies, dans les deux cas, via un d\u00e9cret ex\u00e9cutif qui sera promulgu\u00e9 par le Premier ministre.<\/div>\n<\/div>\n<p>Auteur: Ismain<br \/>\n<a href=\"https:\/\/www.reflexiondz.net\/MINISTERE-DE-LA-COMMUNICATION-Vers-la-creation-d-une-commission-de-suivi-du-coronavirus_a61403.html\">Cliquez ici pour lire l&rsquo;article depuis sa source.<\/a><\/p>\n","protected":false},"excerpt":{"rendered":"<p>En effet, Compos\u00e9e d&rsquo;experts de la sant\u00e9 et d&rsquo;\u00e9minents m\u00e9decins sp\u00e9cialistes, notamment en mati\u00e8re de maladies infectieuses, cette commission\u00a0 tiendra des conf\u00e9rences de presse quotidiennes et hebdomadaires pour tenir l&rsquo;opinion publique inform\u00e9e de la situation pr\u00e9valant dans le pays, les derni\u00e8res statistiques relatives \u00e0 la contagion, ainsi que les mesures et pr\u00e9cautions prises pour faire [&hellip;]<\/p>\n","protected":false},"author":1740,"featured_media":0,"comment_status":"closed","ping_status":"closed","sticky":false,"template":"","format":"standard","meta":{"fifu_image_url":"","fifu_image_alt":"","footnotes":""},"categories":[53,76],"tags":[],"class_list":["post-79703","post","type-post","status-publish","format-standard","hentry","category-algerie","category-regions"],"_links":{"self":[{"href":"https:\/\/linitiative.ca\/International\/wp-json\/wp\/v2\/posts\/79703","targetHints":{"allow":["GET"]}}],"collection":[{"href":"https:\/\/linitiative.ca\/International\/wp-json\/wp\/v2\/posts"}],"about":[{"href":"https:\/\/linitiative.ca\/International\/wp-json\/wp\/v2\/types\/post"}],"author":[{"embeddable":true,"href":"https:\/\/linitiative.ca\/International\/wp-json\/wp\/v2\/users\/1740"}],"replies":[{"embeddable":true,"href":"https:\/\/linitiative.ca\/International\/wp-json\/wp\/v2\/comments?post=79703"}],"version-history":[{"count":0,"href":"https:\/\/linitiative.ca\/International\/wp-json\/wp\/v2\/posts\/79703\/revisions"}],"wp:attachment":[{"href":"https:\/\/linitiative.ca\/International\/wp-json\/wp\/v2\/media?parent=79703"}],"wp:term":[{"taxonomy":"category","embeddable":true,"href":"https:\/\/linitiative.ca\/International\/wp-json\/wp\/v2\/categories?post=79703"},{"taxonomy":"post_tag","embeddable":true,"href":"https:\/\/linitiative.ca\/International\/wp-json\/wp\/v2\/tags?post=79703"}],"curies":[{"name":"wp","href":"https:\/\/api.w.org\/{rel}","templated":true}]}}