{"id":79704,"date":"2020-03-20T17:25:38","date_gmt":"2020-03-20T21:25:38","guid":{"rendered":"https:\/\/linitiative.ca\/International\/dispositif-pour-le-rapatriement-mis-en-place\/"},"modified":"2020-03-20T17:25:38","modified_gmt":"2020-03-20T21:25:38","slug":"dispositif-pour-le-rapatriement-mis-en-place","status":"publish","type":"post","link":"https:\/\/linitiative.ca\/International\/dispositif-pour-le-rapatriement-mis-en-place\/","title":{"rendered":"Dispositif pour le rapatriement mis en place"},"content":{"rendered":"<p><br class=\"autobr\"\/><strong>Un dispositif a \u00e9t\u00e9 mis en place pour le rapatriement des ressortissants alg\u00e9riens bloqu\u00e9s dans des a\u00e9roports \u00e0 l\u2019\u00e9tranger en raison de la pand\u00e9mie du nouveau coronavirus (Covid-19) qui touche plusieurs pays dans le monde.<\/strong><\/p>\n<p><br class=\"autobr\"\/><br \/>\nAinsi, et suite aux instructions du pr\u00e9sident de la R\u00e9publique, Abdelmadjid Tebboune, 2278 ressortissants alg\u00e9riens bloqu\u00e9s dans des a\u00e9roports \u00e0 l\u2019\u00e9tranger sont concern\u00e9s par ce dispositif de rapatriement, via neuf (9) vols. Ils seront orient\u00e9s vers des centres de mise en quarantaine pour leur prise en charge sanitaire conform\u00e9ment aux proc\u00e9dures en vigueur.<\/p>\n<p><br class=\"autobr\"\/><br \/>\nElabor\u00e9 par le minist\u00e8re des Travaux publics et des Transports, en coordination avec les services et instances concern\u00e9s, ce plan approuv\u00e9 par le Premier ministre, concerne l\u2019\u00e9vacuation des ressortissants \u00e0 partir des a\u00e9roports concern\u00e9s vers des centres de mise en quarantaine qui leur ont \u00e9t\u00e9 r\u00e9serv\u00e9s.<\/p>\n<p><br class=\"autobr\"\/><br \/>\nCes ressortissants seront rapatri\u00e9s depuis les a\u00e9roports de Paris (4 vols) vers Alger (2), Constantine et Tlemcen. Deux (2) vols de Marseille vers Oran et un autre vol Lyon (1) vers Oran.<\/p>\n<p><br class=\"autobr\"\/><br \/>\nA cela, s\u2019ajoute un vol de Casablanca (Maroc) vers Tlemcen et un autre de Duba\u00ef (Emirats Arabes Unis) vers Alger.<\/p>\n<p><br class=\"autobr\"\/><br \/>\nPour ce qui est des centres de mise en quarantaine r\u00e9quisitionn\u00e9s \u00e0 cet effet, il s\u2019agit des h\u00f4tels Matares (Tipaza), Renaissance et Zianides (Tlemcen), Hocine et Al Khayem (Constantine), AZ, Al-Mountazah et Al-Mansour Palace (Mostaganem) et Oasis (Alger).<\/p>\n<p><br class=\"autobr\"\/><br \/>\nDepuis le d\u00e9but de la propagation de la pand\u00e9mie du coronavirus, Air Alg\u00e9rie a op\u00e9r\u00e9 plusieurs vols pour le rapatriement des Alg\u00e9riens \u00e9tablis \u00e0 l\u2019\u00e9tranger ainsi que ceux en d\u00e9placement pour des raisons personnelles.<\/p>\n<blockquote readability=\"14\">\n<p><br class=\"autobr\"\/><span class=\"c5\"><em><strong>Le pr\u00e9sident de la R\u00e9publique, Abdelmadjid Tebboune, avait ordonn\u00e9 mercredi dernier le rapatriement des voyageurs alg\u00e9riens bloqu\u00e9s au niveau des a\u00e9roports \u00e0 l\u2019\u00e9tranger, suite \u00e0 la d\u00e9cision de fermeture, \u00e0 partir de mardi, des a\u00e9roports et ports alg\u00e9riens, mesure prise \u00e0 titre pr\u00e9ventif contre la propagation de la pand\u00e9mie du nouveau coronavirus.<\/strong><\/em><\/span><\/p>\n<\/blockquote>\n<p><br class=\"autobr\"\/><br \/>\nA cet effet, une cellule nationale compos\u00e9e des minist\u00e8res concern\u00e9s, s\u2019att\u00e8le, sous la supervision du Premier ministre, \u00e0 l\u2019examen du meilleur moyen de rapatriement de ces Alg\u00e9riens, appel\u00e9s \u00e0 faire preuve de patience et de retenue et \u00e0 \u00eatre compr\u00e9hensifs quant aux circonstances impos\u00e9es par la propagation du coronavirus.<\/p>\n<p><br class=\"autobr\"\/><br \/>\nA leur retour au pays, ils seront orient\u00e9s vers des centres de mise en quarantaine, pour pr\u00e9server leur sant\u00e9 et celle des citoyens, avait pr\u00e9cis\u00e9 le communiqu\u00e9 de la pr\u00e9sidence de la R\u00e9publique.<\/p>\n<p>Auteur: Boudjedri<br \/>\n<a href=\"http:\/\/www.jeune-independant.net\/Dispositif-pour-le-rapatriement.html\">Cliquez ici pour lire l&rsquo;article depuis sa source.<\/a><\/p>\n","protected":false},"excerpt":{"rendered":"<p>Un dispositif a \u00e9t\u00e9 mis en place pour le rapatriement des ressortissants alg\u00e9riens bloqu\u00e9s dans des a\u00e9roports \u00e0 l\u2019\u00e9tranger en raison de la pand\u00e9mie du nouveau coronavirus (Covid-19) qui touche plusieurs pays dans le monde. Ainsi, et suite aux instructions du pr\u00e9sident de la R\u00e9publique, Abdelmadjid Tebboune, 2278 ressortissants alg\u00e9riens bloqu\u00e9s dans des a\u00e9roports \u00e0 [&hellip;]<\/p>\n","protected":false},"author":1737,"featured_media":0,"comment_status":"closed","ping_status":"closed","sticky":false,"template":"","format":"standard","meta":{"fifu_image_url":"","fifu_image_alt":"","footnotes":""},"categories":[73,53],"tags":[],"class_list":["post-79704","post","type-post","status-publish","format-standard","hentry","category-actualite","category-algerie"],"_links":{"self":[{"href":"https:\/\/linitiative.ca\/International\/wp-json\/wp\/v2\/posts\/79704","targetHints":{"allow":["GET"]}}],"collection":[{"href":"https:\/\/linitiative.ca\/International\/wp-json\/wp\/v2\/posts"}],"about":[{"href":"https:\/\/linitiative.ca\/International\/wp-json\/wp\/v2\/types\/post"}],"author":[{"embeddable":true,"href":"https:\/\/linitiative.ca\/International\/wp-json\/wp\/v2\/users\/1737"}],"replies":[{"embeddable":true,"href":"https:\/\/linitiative.ca\/International\/wp-json\/wp\/v2\/comments?post=79704"}],"version-history":[{"count":0,"href":"https:\/\/linitiative.ca\/International\/wp-json\/wp\/v2\/posts\/79704\/revisions"}],"wp:attachment":[{"href":"https:\/\/linitiative.ca\/International\/wp-json\/wp\/v2\/media?parent=79704"}],"wp:term":[{"taxonomy":"category","embeddable":true,"href":"https:\/\/linitiative.ca\/International\/wp-json\/wp\/v2\/categories?post=79704"},{"taxonomy":"post_tag","embeddable":true,"href":"https:\/\/linitiative.ca\/International\/wp-json\/wp\/v2\/tags?post=79704"}],"curies":[{"name":"wp","href":"https:\/\/api.w.org\/{rel}","templated":true}]}}