{"id":79705,"date":"2020-03-20T18:17:08","date_gmt":"2020-03-20T22:17:08","guid":{"rendered":"https:\/\/linitiative.ca\/International\/le-bilan-salourdit-17-wilayas-touchees-par-le-covid-19\/"},"modified":"2020-03-20T18:17:08","modified_gmt":"2020-03-20T22:17:08","slug":"le-bilan-salourdit-17-wilayas-touchees-par-le-covid-19","status":"publish","type":"post","link":"https:\/\/linitiative.ca\/International\/le-bilan-salourdit-17-wilayas-touchees-par-le-covid-19\/","title":{"rendered":"Le bilan s&rsquo;alourdit : 17 wilayas touch\u00e9es par le Covid-19"},"content":{"rendered":"<p><br class=\"autobr\"\/><br \/>\nLa propagation de l\u2019\u00e9pid\u00e9mie continue. Chaque jour de nouveaux cas sont annonc\u00e9s, ainsi que de d\u00e9c\u00e8s. Le bilan a grimp\u00e9 ce vendredi \u00e0 12 morts et 95 cas infect\u00e9s au coronavirus en Alg\u00e9rie.<\/p>\n<p><br class=\"autobr\"\/><br \/>\nLe COVID-19 a fait onze morts en Alg\u00e9rie\u00a0; les derniers en date, une femme de 77 ans de Tizi-Ouzou et une autre de 67 ans originaire de la wilaya d\u2019El Oued. Le bilan officiel des cas confirm\u00e9s du coronavirus est pass\u00e9 de 72 \u00e0 plus de 95, ce qui suscite de vives inqui\u00e9tudes parmi la population.<\/p>\n<blockquote readability=\"11\">\n<p><br class=\"autobr\"\/><em><strong><span class=\"c5\">\u00ab\u00a0La majorit\u00e9 des cas enregistr\u00e9s sont des personnes ayant s\u00e9journ\u00e9 \u00e0 l\u2019\u00e9tranger ou qui \u00e9taient en contact avec des citoyens rentr\u00e9s de l\u2019\u00e9tranger, de France ou d\u2019Espagne notamment\u00a0\u00bb, a d\u00e9clar\u00e9 Samia Hammadi, sous-directrice charg\u00e9e des maladies transmissibles au minist\u00e8re de la Sant\u00e9.<\/span><\/strong><\/em><\/p>\n<\/blockquote>\n<p><br class=\"autobr\"\/><br \/>\nFace \u00e0 cette situation, Mme\u00a0Hammadi a appel\u00e9 les personnes atteintes de maladies chroniques, les plus vuln\u00e9rables \u00e0 l\u2019infection par ce virus, selon elle, \u00e0 faire preuve de prudence et \u00e0 se laver les mains avec du savon et de l\u2019eau. Elle les invite \u00e9galement \u00e0 se rapprocher des h\u00f4pitaux \u00e9quip\u00e9s d\u2019appareils d\u2019assistance respiratoire d\u00e8s que possible et de ne pas se rendre dans les Centres de sant\u00e9 pr\u00e8s de leur r\u00e9sidence.<\/p>\n<p><br class=\"autobr\"\/><br \/>\nD\u00e9sormais, 17 wilayas sont touch\u00e9es par le Coronavirus, \u00e0 savoir Blida (47 cas), Alger (12 cas), Tizi Ouzou (6 cas), El Oued (6), Skikda (5 cas), Annaba (5 cas), Bordj Bou Arreridj (2), M\u00e9d\u00e9a (2), Mascara (2), Souk Ahras (1 cas), Adrar (1 cas), Bouira (1 cas ), Bejaia (1 cas), Boumerdes (1 cas), S\u00e9tif (1 cas), Tissemsilt (1 cas) et Oran (1 cas).<\/p>\n<p><br class=\"autobr\"\/><br \/>\nLe gouvernement avait auparavant annonc\u00e9 la fermeture des centres commerciaux d\u2019Alger et d\u2019Oran, les plus importants \u00e0 l\u2019\u00e9chelle nationale. Toutes les audiences dans les tribunaux ont \u00e9galement \u00e9t\u00e9 report\u00e9es. Ces mesures s\u2019ajoutaient \u00e0 l\u2019annulation de tous les \u00e9v\u00e9nements sportifs, culturels et politiques, ainsi qu\u2019\u00e0 la fermeture des \u00e9coles, universit\u00e9s, cr\u00e8ches, centres de formation professionnelle, cabarets et discoth\u00e8ques, restaurants et salles des f\u00eates, bains maures, salles de jeux et quinzaines commerciales.<\/p>\n<blockquote readability=\"14\">\n<p><br class=\"autobr\"\/><strong><em><span class=\"c5\">Le bilan de la pand\u00e9mie de coronavirus a d\u00e9pass\u00e9 hier la barre des 10 000 morts dans le monde, dont plus 5 000 en Europe, malgr\u00e9 les d\u00e9cisions de confinement qui se multiplient partout mais qui ne pourront pas s\u2019appliquer dans des endroits tr\u00e8s vuln\u00e9rables. En outre, trois milliards de personnes n\u2019ont m\u00eame pas les armes les plus basiques contre le virus, l\u2019eau courante et le savon, s\u2019alarment des experts des Nations unies, qui craignent la perte de \u00ab\u00a0millions\u00a0\u00bb de vies.<\/span><\/em><\/strong><\/p>\n<\/blockquote>\n<p><br class=\"autobr\"\/><br \/>\nIl convient de noter le \u00ab\u00a0record mondial\u00a0\u00bb de morts li\u00e9es au coronavirus d\u00e9tenu par l\u2019Italie avec 427 d\u00e9c\u00e8s en 24 heures pour atteindre un total de 3 405, suit la Chine (3 245), l\u2019Iran (1 284) et l\u2019Espagne (767). L\u2019Italie, qui a enregistr\u00e9 au total 41 035 cas, avait recens\u00e9 officiellement ses deux premiers morts le 22 f\u00e9vrier.<\/p>\n<p>Auteur: Boudjedri<br \/>\n<a href=\"http:\/\/www.jeune-independant.net\/Dix-sept-wilayas-touchees-Le-bilan.html\">Cliquez ici pour lire l&rsquo;article depuis sa source.<\/a><\/p>\n","protected":false},"excerpt":{"rendered":"<p>La propagation de l\u2019\u00e9pid\u00e9mie continue. Chaque jour de nouveaux cas sont annonc\u00e9s, ainsi que de d\u00e9c\u00e8s. Le bilan a grimp\u00e9 ce vendredi \u00e0 12 morts et 95 cas infect\u00e9s au coronavirus en Alg\u00e9rie. Le COVID-19 a fait onze morts en Alg\u00e9rie\u00a0; les derniers en date, une femme de 77 ans de Tizi-Ouzou et une autre [&hellip;]<\/p>\n","protected":false},"author":1737,"featured_media":0,"comment_status":"closed","ping_status":"closed","sticky":false,"template":"","format":"standard","meta":{"fifu_image_url":"","fifu_image_alt":"","footnotes":""},"categories":[73,53],"tags":[],"class_list":["post-79705","post","type-post","status-publish","format-standard","hentry","category-actualite","category-algerie"],"_links":{"self":[{"href":"https:\/\/linitiative.ca\/International\/wp-json\/wp\/v2\/posts\/79705","targetHints":{"allow":["GET"]}}],"collection":[{"href":"https:\/\/linitiative.ca\/International\/wp-json\/wp\/v2\/posts"}],"about":[{"href":"https:\/\/linitiative.ca\/International\/wp-json\/wp\/v2\/types\/post"}],"author":[{"embeddable":true,"href":"https:\/\/linitiative.ca\/International\/wp-json\/wp\/v2\/users\/1737"}],"replies":[{"embeddable":true,"href":"https:\/\/linitiative.ca\/International\/wp-json\/wp\/v2\/comments?post=79705"}],"version-history":[{"count":0,"href":"https:\/\/linitiative.ca\/International\/wp-json\/wp\/v2\/posts\/79705\/revisions"}],"wp:attachment":[{"href":"https:\/\/linitiative.ca\/International\/wp-json\/wp\/v2\/media?parent=79705"}],"wp:term":[{"taxonomy":"category","embeddable":true,"href":"https:\/\/linitiative.ca\/International\/wp-json\/wp\/v2\/categories?post=79705"},{"taxonomy":"post_tag","embeddable":true,"href":"https:\/\/linitiative.ca\/International\/wp-json\/wp\/v2\/tags?post=79705"}],"curies":[{"name":"wp","href":"https:\/\/api.w.org\/{rel}","templated":true}]}}