{"id":79706,"date":"2020-03-20T18:18:17","date_gmt":"2020-03-20T22:18:17","guid":{"rendered":"https:\/\/linitiative.ca\/International\/bejaia-les-gens-de-plus-en-plus-conscients-de-la-gravite-du-covid-19\/"},"modified":"2020-03-20T18:18:17","modified_gmt":"2020-03-20T22:18:17","slug":"bejaia-les-gens-de-plus-en-plus-conscients-de-la-gravite-du-covid-19","status":"publish","type":"post","link":"https:\/\/linitiative.ca\/International\/bejaia-les-gens-de-plus-en-plus-conscients-de-la-gravite-du-covid-19\/","title":{"rendered":"B\u00e9ja\u00efa : Les gens de plus en plus conscients de la gravit\u00e9 du covid-19"},"content":{"rendered":"<p><br class=\"autobr\"\/><strong>Les B\u00e9jaouis font preuve d\u2019un haut degr\u00e9 de conscience \u00e0 l\u2019\u00e9gard des mesures prises par les autorit\u00e9s pour endiguer le Covid-19.<\/strong><\/p>\n<p><br class=\"autobr\"\/><br \/>\nM\u00eame si le confinement n\u2019est pas officiellement d\u00e9cr\u00e9t\u00e9 les gens, du moins la majorit\u00e9 ont pr\u00e9f\u00e9r\u00e9 rester chez eux de peur de contracter le coronavirus limitant leur mouvement, la circulation dans la rue et leurs d\u00e9placements. Le mouvement a beaucoup diminu\u00e9 hier dans la ville de B\u00e9ja\u00efa comme dans le reste des grands centres urbains.<\/p>\n<p><br class=\"autobr\"\/><br \/>\nLa ville est d\u00e9serte par moment. Les magasins sont pour la plupart ferm\u00e9s. Les gens prennent de plus en plus conscience de la dangerosit\u00e9 de ce virus, m\u00eame si certains n\u2019arrivent toujours pas \u00e0 le r\u00e9aliser et continuent de ce fait de circuler sereinement et de se serrer les mains comme s\u2019ils sont immunis\u00e9s de ce virus mortel. La 57e marche du mouvement populaire n\u2019a pas eu lieu. Les gens ont respect\u00e9 les multiples appels portant la suspension du Hirak.<\/p>\n<p><br class=\"autobr\"\/><br \/>\nCertains Hirakistes ont d\u00e9fil\u00e9 dans la ville. Ils sont constitu\u00e9 un cort\u00e8ge de motos et de voitures et ont fait le tour de la ville. Un groupe de r\u00e9calcitrants s\u2019est rassembl\u00e9 sur l\u2019esplanade de la maison de la Culture et ont \u00e9t\u00e9 arr\u00eat\u00e9s apr\u00e8s avoir \u00e9t\u00e9 invit\u00e9s \u00e0 rentrer chez eux. Ceci pendant que plusieurs activit\u00e9s commerciales ont \u00e9t\u00e9 suspendues par arr\u00eat\u00e9 du wali jeudi dernier. Cette nouvelle d\u00e9cision porte sur la fermeture des fast-foods, de bains maures, des bars, entre autres, en attendant les autres mesures qui enteront en vigueur ce dimanche.<\/p>\n<p><br class=\"autobr\"\/><br \/>\nCette nouvelle mesure est prise dans le cadre de la pr\u00e9vention contre la propagation du Covid-19. Pour rappel, un arr\u00eat\u00e9 a \u00e9t\u00e9 sign\u00e9 au courant la semaine pass\u00e9e et porte sur la fermeture des moqu\u00e9es, des parcs de loisirs, des cr\u00e8ches, des \u00e9coles priv\u00e9es, des biblioth\u00e8ques, des salles des f\u00eates. Une cellule de crise est mise sur pied pour suivre la situation \u00e0 l\u2019\u00e9chelle de la wilaya et l\u2019application de tous les arr\u00eat\u00e9s sign\u00e9s dans le cadre des mesures pr\u00e9ventives contre le coronavirus.<\/p>\n<p><br class=\"autobr\"\/><br \/>\nLes citoyens peuvent appeler au 034 10 31 01 pour signaler tout d\u00e9passement ou infraction. Les num\u00e9ros verts des services de s\u00e9curit\u00e9 sont aussi mis \u00e0 la disposition de la population en l\u2019occurrence le 10-55\u00a0: Gendarmerie nationale et le 15-48\u00a0: S\u00fbret\u00e9 nationale. Le centre hospitalo-universitaire (CHU) B\u00e9ja\u00efa, a d\u00e9cid\u00e9 de reporter des interventions chirurgicales non urgentes. \u00ab\u00a0En raison de la crise sanitaire actuelle, nous tenons \u00e0 informer les usagers des structures du CHU de B\u00e9ja\u00efa que les interventions chirurgicales sont d\u00e9programm\u00e9es \u00e0 compter du dimanche 22 mars 2020, \u00e0 l\u2019exception des prises en charge urgentes ou celles dont l\u2019annulation entra\u00eenerait une perte de chance pour le patient\u00a0\u00bb, lit-on dans le communiqu\u00e9 du CHU.<\/p>\n<p><br class=\"autobr\"\/><br \/>\nPour sa part, le professeur Nouasria, responsable du service des maladies infectieuses du CHU de B\u00e9ja\u00efa, a lanc\u00e9 il y a trois jours un appel aux citoyens afin de \u00ab\u00a0ne pas c\u00e9der \u00e0 la panique\u00a0\u00bb. Il a conseill\u00e9 aux citoyens d\u2019adopter \u00ab\u00a0des gestes simples pour pr\u00e9server leur sant\u00e9 et celle de leur entourage\u00a0\u00bb. Le Pr conseille aux gens de se laver tr\u00e8s r\u00e9guli\u00e8rement, les mains, tousser ou \u00e9ternuer dans son coude ou dans un mouchoir, saluer le gens sans se serrer la main, \u00e9viter les embrassades, garder une distance avec les gens, utiliser des mouchoirs \u00e0 usage unique et les jeter juste apr\u00e8s, \u00e9viter les rassemblements et limiter au maximum sa vie sociale.<\/p>\n<p>Auteur: Boudjedri<br \/>\n<a href=\"http:\/\/www.jeune-independant.net\/Bejaia-Les-gens-de-plus-en-plus.html\">Cliquez ici pour lire l&rsquo;article depuis sa source.<\/a><\/p>\n","protected":false},"excerpt":{"rendered":"<p>Les B\u00e9jaouis font preuve d\u2019un haut degr\u00e9 de conscience \u00e0 l\u2019\u00e9gard des mesures prises par les autorit\u00e9s pour endiguer le Covid-19. M\u00eame si le confinement n\u2019est pas officiellement d\u00e9cr\u00e9t\u00e9 les gens, du moins la majorit\u00e9 ont pr\u00e9f\u00e9r\u00e9 rester chez eux de peur de contracter le coronavirus limitant leur mouvement, la circulation dans la rue et [&hellip;]<\/p>\n","protected":false},"author":1737,"featured_media":0,"comment_status":"closed","ping_status":"closed","sticky":false,"template":"","format":"standard","meta":{"fifu_image_url":"","fifu_image_alt":"","footnotes":""},"categories":[73,53],"tags":[],"class_list":["post-79706","post","type-post","status-publish","format-standard","hentry","category-actualite","category-algerie"],"_links":{"self":[{"href":"https:\/\/linitiative.ca\/International\/wp-json\/wp\/v2\/posts\/79706","targetHints":{"allow":["GET"]}}],"collection":[{"href":"https:\/\/linitiative.ca\/International\/wp-json\/wp\/v2\/posts"}],"about":[{"href":"https:\/\/linitiative.ca\/International\/wp-json\/wp\/v2\/types\/post"}],"author":[{"embeddable":true,"href":"https:\/\/linitiative.ca\/International\/wp-json\/wp\/v2\/users\/1737"}],"replies":[{"embeddable":true,"href":"https:\/\/linitiative.ca\/International\/wp-json\/wp\/v2\/comments?post=79706"}],"version-history":[{"count":0,"href":"https:\/\/linitiative.ca\/International\/wp-json\/wp\/v2\/posts\/79706\/revisions"}],"wp:attachment":[{"href":"https:\/\/linitiative.ca\/International\/wp-json\/wp\/v2\/media?parent=79706"}],"wp:term":[{"taxonomy":"category","embeddable":true,"href":"https:\/\/linitiative.ca\/International\/wp-json\/wp\/v2\/categories?post=79706"},{"taxonomy":"post_tag","embeddable":true,"href":"https:\/\/linitiative.ca\/International\/wp-json\/wp\/v2\/tags?post=79706"}],"curies":[{"name":"wp","href":"https:\/\/api.w.org\/{rel}","templated":true}]}}