{"id":79711,"date":"2020-03-21T10:55:00","date_gmt":"2020-03-21T14:55:00","guid":{"rendered":"https:\/\/linitiative.ca\/International\/anis-marrakchi-pour-que-la-tunisie-face-aussi-une-crise-economique-dune-rare-gravite-ne-sombre-pas-dans-la-recession\/"},"modified":"2020-03-21T10:55:00","modified_gmt":"2020-03-21T14:55:00","slug":"anis-marrakchi-pour-que-la-tunisie-face-aussi-une-crise-economique-dune-rare-gravite-ne-sombre-pas-dans-la-recession","status":"publish","type":"post","link":"https:\/\/linitiative.ca\/International\/anis-marrakchi-pour-que-la-tunisie-face-aussi-une-crise-economique-dune-rare-gravite-ne-sombre-pas-dans-la-recession\/","title":{"rendered":"Anis Marrakchi : Pour que la Tunisie, face aussi une crise \u00e9conomique d\u2019une rare gravit\u00e9, ne sombre pas dans la r\u00e9cession"},"content":{"rendered":"<p><span class=\"c2\"><strong>Craignant \u00ab\u00a0une r\u00e9cession des plus importantes en Tunisie depuis l\u2019ind\u00e9pendance, Anis Marrakchi, sp\u00e9cialiste en mesure d\u2019impact \u00e9conomique et financier, esquisse des mesures d\u2019urgence \u00e0 mettre en place. Pour cet ing\u00e9nieur Polytechnicien et statisticien (INSAE),\u00a0\u00ab\u00a0il ne faut pas h\u00e9siter de mettre les armes les plus lourdes \u00e0 disposition de la puissance publique\u00a0\u00bb pour \u00abmitiger l\u2019effet sur le revenu des m\u00e9nages les plus fragiles\u00a0\u00bb et \u00ab\u00a0probablement se pr\u00e9parer \u00e0 une distribution directe de cash aux gens. 300 DT par adulte r\u00e9sident est un bon ordre de grandeur.\u00a0\u00bb Il estime n\u00e9cessaire \u00e9galement de \u00ab\u00a0donner de la liquidit\u00e9 aux entreprises les plus fragiles et aux secteurs les plus touch\u00e9s\u00a0\u00bb. \u00ab\u00a0Pour ne pas sombrer, conclut-il, son analyse, il faut se donner les moyens de flotter. Il faut \u00e9galement se donner les moyens de choisir entre les maux le moindre.<\/strong><strong>\u00bb<\/strong><\/span><\/p>\n<h2>Analyse<\/h2>\n<p>Bien trait\u00e9, la l\u00e9talit\u00e9 du Covid-19, mesur\u00e9e sur l\u2019ensemble des cas qu\u2019ils soient symptomatiques ou non, est probablement largement inf\u00e9rieure \u00e0 1%. Peut-\u00eatre aussi faible que 0,2%. Mais ces chiffres ne tiennent que si la maladie est bien trait\u00e9e. Or l\u2019une de ses sp\u00e9cificit\u00e9s, c\u2019est que cette maladie g\u00e9n\u00e8re un grand nombre de cas graves \u00e0 admettre en r\u00e9animation ce qui sature tr\u00e8s rapidement les capacit\u00e9s des syst\u00e8mes de sant\u00e9 et la capacit\u00e9 \u00e0 bien traiter la maladie. Le taux de l\u00e9talit\u00e9 peut alors monter en fl\u00e8che pour se situer quelque part entre 1% et 2%, voire plus.<\/p>\n<p>Laiss\u00e9 \u00e0 lui-m\u00eame, le covid-19 toucherait \u00e0 terme jusqu\u2019\u00e0 70% d\u2019une population.\u2028En Tunisie, ces chiffres donneraient 80.000 \u00e0 150.000 morts. Ces estimations ont des al\u00e9as \u00e0 la hausse et \u00e0 la baisse. \u00c0 la baisse car la population tunisienne est plus jeune que celle des pays les plus touch\u00e9s actuellement. \u00c0 la hausse car le syst\u00e8me de sant\u00e9 y est beaucoup plus fragile.<\/p>\n<p>Face \u00e0 ces chiffres, la Tunisie se dirige vers le confinement total. Mais la Tunisie n\u2019est pas l\u2019Europe. Le co\u00fbt de telles mesures, social et en vies humaines, serait autrement plus \u00e9lev\u00e9.<\/p>\n<p>La crise de 2008 aurait entra\u00een\u00e9 jusqu\u2019\u00e0 500.000 victimes du cancer en plus dans le monde entre 2008 et 2010. Et l\u00e0, on ne compte que la surmortalit\u00e9 due au cancer, et uniquement entre 2008 et 2010. Les crises \u00e9conomiques ont un impact extr\u00eamement \u00e9lev\u00e9, bien qu\u2019indirect, en termes de vies humaines. Et si l\u2019on ne fait pas attention, on risque de tuer plus que ce que l\u2019on sauve.<\/p>\n<p>En fait, les effets imm\u00e9diats du virus sur l\u2019\u00e9conomie seraient relativement mod\u00e9r\u00e9s. Le gros des impacts \u00e9conomiques vient des mesures prises par les diff\u00e9rents pays pour enrayer la propagation du virus, ainsi que du changement de comportement des gens dans cette p\u00e9riode anxiog\u00e8ne.<\/p>\n<p>Plusieurs pays ont ferm\u00e9 leurs fronti\u00e8res ou s\u2019appr\u00eatent \u00e0 le faire. Les cha\u00eenes de productions globales sont significativement impact\u00e9es par des mesures de confinement prises partout dans le monde. Il est clair que ceci aura des impacts \u00e9conomiques extr\u00eamement importants en Tunisie. Le secteur du tourisme a lui seul p\u00e8se 7% du PIB tunisien, peut-\u00eatre jusqu\u2019\u00e0 deux fois plus si nous prenons en compte les effets indirects. La structure industrielle, bas\u00e9e sur la sous-traitance, sera \u00e9galement tr\u00e8s impact\u00e9e par la disruption des cha\u00eenes de valeurs europ\u00e9ennes et par la baisse de la demande \u00e9trang\u00e8re.<\/p>\n<p>On voit donc, que m\u00eame en l\u2019absence de propagation de l\u2019\u00e9pid\u00e9mie et de mesures de confinement en Tunisie, les impacts \u00e9conomiques risquent d\u2019y \u00eatre extr\u00eamement importants, voire d\u2019entra\u00eener une r\u00e9cession aussi importante qu\u2019en 2011.<\/p>\n<p>Rajouter \u00e0 cela un confinement total et c\u2019est tous les moteurs de l\u2019\u00e9conomie tunisienne qui risqueraient de s\u2019arr\u00eater net. Sans pour autant pr\u00e9venir le risque d\u2019un second pic \u00e9pid\u00e9mique, assez probable.<\/p>\n<p>La Tunisie n\u2019est pas l\u2019Europe. Elle n\u2019a pas le m\u00eame syst\u00e8me de sant\u00e9, mais elle n\u2019a pas les m\u00eames filets de s\u00e9curit\u00e9 sociaux non plus. Ni la m\u00eame capacit\u00e9 \u00e0 amoindrir l\u2019effet d\u2019une crise sur les citoyens et les entreprises. Alors que les citoyens tunisiens sont dans une situation \u00e9conomique autrement plus fragile que les citoyens allemands, la crise actuellement a men\u00e9 \u00e0 la baisse du co\u00fbt de la dette Allemande et \u00e0 la forte hausse de celui de la dette tunisienne.<\/p>\n<p>Combien de morts en plus entra\u00eenerait-on en privant une majorit\u00e9 de citoyens \u00e9conomiquement fragiles de leur gagne-pain, sans que l\u2019\u00c9tat ne puisse prendre \u00e0 sa charge la baisse de revenus associ\u00e9e ?<\/p>\n<p>Aujourd\u2019hui, il est improbable que la Tunisie puisse \u00e9viter une r\u00e9cession. Il est m\u00eame possible que cette r\u00e9cession soit l\u2019une des plus importantes depuis l\u2019ind\u00e9pendance en fonction des mesures mises en place. Que l\u2019on choisisse d\u2019aller vers un confinement total ou pas, il y a des mesures urgentes \u00e0 mettre en place :\u2028<\/p>\n<p>Mitiger l\u2019effet sur le revenu des m\u00e9nages les plus fragiles. Il ne faut pas h\u00e9siter \u00e0 sortir les armes les plus lourdes \u00e0 disposition de la puissance publique : comme Hong-Kong, Singapour, l\u2019Australie ou les \u00c9tats-Unis, il faudrait probablement se pr\u00e9parer \u00e0 une distribution directe de cash aux gens. 300 DT par adulte r\u00e9sident est un bon ordre de grandeur. Et s\u2019il faut pour cela ponctuellement remettre en cause l\u2019ind\u00e9pendance de la BCT et cr\u00e9er des pressions inflationnistes, qu\u2019\u00e0 cela ne tienne. Si on ne le fait pas pour l\u2019une des (voire la) plus grandes crises \u00e9conomiques de l\u2019histoire de la R\u00e9publique Tunisienne, quand est-ce que ce sera fait ?\u2028<\/p>\n<p>Donner de la liquidit\u00e9 aux entreprises les plus fragiles et aux secteurs les plus touch\u00e9s : en remettant \u00e0 plus tard les paiements d\u2019imp\u00f4ts et de cotisations, en garantissant les cr\u00e9dits, en diff\u00e9rant le paiement des int\u00e9r\u00eats et du principal sur les pr\u00eats. L\u2019id\u00e9e c\u2019est de permettre aux entreprises les plus touch\u00e9es et les plus fragiles de passer le cap de cette crise ponctuelle. Ces mesures doivent \u00eatre accompagn\u00e9es (comme aux \u00c9tats-Unis) de fortes obligations : les entreprises aid\u00e9es doivent s\u2019astreindre \u00e0 une forte limitation de la r\u00e9mun\u00e9ration des dirigeants et actionnaires, et \u00e0 sauvegarder l\u2019emploi.<\/p>\n<p>Peut-\u00eatre m\u00eame plus qu\u2019une crise sanitaire, la Tunisie fait face \u00e0 une crise \u00e9conomique d\u2019une gravit\u00e9 rare. Pour ne pas sombrer, il faut se donner les moyens de flotter. Il faut \u00e9galement se donner les moyens de choisir entre les maux le moindre.<\/p>\n<p><strong>Anis Marrakchi<\/strong><\/p>\n<p>Auteur:<br \/>\n<a href=\"https:\/\/www.leaders.com.tn\/article\/29428-anis-marrakchi-pour-que-la-tunisie-face-aussi-une-crise-economique-d-une-rare-gravite-ne-sombre-pas-dans-la-recession\">Cliquez ici pour lire l&rsquo;article depuis sa source.<\/a><\/p>\n","protected":false},"excerpt":{"rendered":"<p>Craignant \u00ab\u00a0une r\u00e9cession des plus importantes en Tunisie depuis l\u2019ind\u00e9pendance, Anis Marrakchi, sp\u00e9cialiste en mesure d\u2019impact \u00e9conomique et financier, esquisse des mesures d\u2019urgence \u00e0 mettre en place. Pour cet ing\u00e9nieur Polytechnicien et statisticien (INSAE),\u00a0\u00ab\u00a0il ne faut pas h\u00e9siter de mettre les armes les plus lourdes \u00e0 disposition de la puissance publique\u00a0\u00bb pour \u00abmitiger l\u2019effet sur [&hellip;]<\/p>\n","protected":false},"author":1772,"featured_media":0,"comment_status":"closed","ping_status":"closed","sticky":false,"template":"","format":"standard","meta":{"fifu_image_url":"","fifu_image_alt":"","footnotes":""},"categories":[73,55],"tags":[],"class_list":["post-79711","post","type-post","status-publish","format-standard","hentry","category-actualite","category-tunisie"],"_links":{"self":[{"href":"https:\/\/linitiative.ca\/International\/wp-json\/wp\/v2\/posts\/79711","targetHints":{"allow":["GET"]}}],"collection":[{"href":"https:\/\/linitiative.ca\/International\/wp-json\/wp\/v2\/posts"}],"about":[{"href":"https:\/\/linitiative.ca\/International\/wp-json\/wp\/v2\/types\/post"}],"author":[{"embeddable":true,"href":"https:\/\/linitiative.ca\/International\/wp-json\/wp\/v2\/users\/1772"}],"replies":[{"embeddable":true,"href":"https:\/\/linitiative.ca\/International\/wp-json\/wp\/v2\/comments?post=79711"}],"version-history":[{"count":0,"href":"https:\/\/linitiative.ca\/International\/wp-json\/wp\/v2\/posts\/79711\/revisions"}],"wp:attachment":[{"href":"https:\/\/linitiative.ca\/International\/wp-json\/wp\/v2\/media?parent=79711"}],"wp:term":[{"taxonomy":"category","embeddable":true,"href":"https:\/\/linitiative.ca\/International\/wp-json\/wp\/v2\/categories?post=79711"},{"taxonomy":"post_tag","embeddable":true,"href":"https:\/\/linitiative.ca\/International\/wp-json\/wp\/v2\/tags?post=79711"}],"curies":[{"name":"wp","href":"https:\/\/api.w.org\/{rel}","templated":true}]}}