{"id":79712,"date":"2020-03-21T12:24:00","date_gmt":"2020-03-21T16:24:00","guid":{"rendered":"https:\/\/linitiative.ca\/International\/avis-aux-decideurs-tunisiens-reflechissez-des-maintenant-a-lapres-mondialisation-dans-notre-pays\/"},"modified":"2020-03-21T12:24:00","modified_gmt":"2020-03-21T16:24:00","slug":"avis-aux-decideurs-tunisiens-reflechissez-des-maintenant-a-lapres-mondialisation-dans-notre-pays","status":"publish","type":"post","link":"https:\/\/linitiative.ca\/International\/avis-aux-decideurs-tunisiens-reflechissez-des-maintenant-a-lapres-mondialisation-dans-notre-pays\/","title":{"rendered":"Avis aux d\u00e9cideurs tunisiens: R\u00e9fl\u00e9chissez d\u00e8s maintenant \u00e0 l\u2019apr\u00e8s mondialisation dans notre pays\u2026"},"content":{"rendered":"<p><em><span class=\"c2\"><strong>Par Samir Gharbi.<\/strong><\/span><\/em> Un seul chiffre, pour commencer. Il concerne le d\u00e9ficit de la balance de nos \u00e9changes (exportations moins importations) alimentaires. Ce chiffre a atteint, selon les statistiques officielles, la somme vertigineuse de <span class=\"c2\"><strong>1 398 millions de dinars en 2019<\/strong><\/span>, soit trois fois plus que le d\u00e9ficit de l\u2019ann\u00e9e 2018.<\/p>\n<p>Nous avons export\u00e9 pour un montant de 4 252 MD et import\u00e9 pour 5 650 MD en produits alimentaires!<\/p>\n<p>C\u2019est dire que nous d\u00e9pendons largement de l\u2019\u00e9tranger pour notre alimentation humaine (seulement, c\u2019est-\u00e0-dire sans compter l\u2019alimentation animale).<\/p>\n<p>A l\u2019\u00e9tranger, nous avons achet\u00e9 en 2019, notamment du lait et produits laitiers pour 191 MD en 2019; du caf\u00e9, th\u00e9 et \u00e9pices pour 230 MD; du sucre et des sucreries pour 516 MD et des c\u00e9r\u00e9ales pour 2 023 MD\u2026 Je ne parle pas des produits courants et quotidiens comme les glibettes de Turquie, les pistaches et les cacahu\u00e8tes\u2026<\/p>\n<p>Autres secteurs o\u00f9 nous sommes d\u00e9pendants: textiles (pr\u00eat \u00e0 porter de Chine et de Turquie), des huiles v\u00e9g\u00e9tales, des m\u00e9dicaments, des tonnes et des tonnes de friperies qui inondent nos march\u00e9s populaires\u2026<\/p>\n<p>Nos dirigeants doivent \u00abbouger\u00bb et nous montrer l\u2019exemple, en barrant les fronti\u00e8res aux produits de luxe (les voitures blind\u00e9s et autres Audi, BMW\u2026 de tr\u00e8s haut de gamme).<\/p>\n<p>Je ne dis pas qu\u2019il faut arr\u00eater de s\u2019ouvrir, d\u2019\u00e9changer, mais qu\u2019il faudrait \u00e0 l\u2019avenir savoir compter avec nos maigres devises: r\u00e9duire le superflu, garder l\u2019essentiel, ce que nous ne pouvons pas produire chez nous!<\/p>\n<p>Savez-vous que rien que pour le mois de f\u00e9vrier 2020 ce que nous co\u00fbte notre commerce avec la Turquie? Je vous le dis: Importations 550 MD, contre 96,6 MD pour nos exportations; Et avec la Chine: 976 MD pour nos achats, contre seulement 17 MD pour nos ventes\u2026<\/p>\n<p>Ecoutez ce que dit un homme sage, comme Jean-Yves Le Drian, ministre fran\u00e7ais de l\u2019Europe et des Affaires \u00e9trang\u00e8res, ancien ministre de la D\u00e9fense, 72 ans. Il s\u2019est exprim\u00e9 clairement sur les cons\u00e9quences de la pand\u00e9mie du virus Covid-19. Je l\u2019ai \u00e9cout\u00e9 attentivement. Extrait de son interview diffus\u00e9e sur les antennes de la radio France Info, le samedi 20 mars de 8h30 \u00e0 9h00. Ce qu\u2019il a dit sur la fin du mod\u00e8le actuel de \u00abmultilat\u00e9ralisme\u00bb, mot pour mot.<\/p>\n<p><em>\u00abLe monde de demain ne sera plus le m\u00eame que celui qu\u2019on a connu. Nous \u00e9tions dans une forme de mondialisation des opportunit\u00e9s, une certaine forme de mondialisation heureuse. Et l\u00e0 nous sommes dans la mondialisation des risques et des menaces. Donc, il est clair, pour moi, que demain on ne pourra plus d\u00e9l\u00e9guer \u00e0 d\u2019autres et notre s\u00e9curit\u00e9 et notre sant\u00e9 et notre alimentation et notre autonomie sur des biens essentiels. Donc, il faudra tirer les le\u00e7ons de tout cela bien s\u00fbr. Avec une souverainet\u00e9 sanitaire, une souverainet\u00e9 nationale au sein d\u2019une souverainet\u00e9 europ\u00e9enne. Parce que l\u2019enjeu vaut aussi pour l\u2019Union europ\u00e9enne\u2026 sinon, elle passera \u00e0 c\u00f4t\u00e9 de l\u2019Histoire.\u00bb<br \/><\/em><\/p>\n<p class=\"c3\"><strong>Samir Gharbi<\/strong><br \/>\u00a0<\/p>\n<p>Auteur:<br \/>\n<a href=\"https:\/\/www.leaders.com.tn\/article\/29426-avis-aux-decideurs-tunisiens-reflechissez-des-maintenant-a-l-apres-mondialisation-dans-notre-pays\">Cliquez ici pour lire l&rsquo;article depuis sa source.<\/a><\/p>\n","protected":false},"excerpt":{"rendered":"<p>Par Samir Gharbi. Un seul chiffre, pour commencer. Il concerne le d\u00e9ficit de la balance de nos \u00e9changes (exportations moins importations) alimentaires. Ce chiffre a atteint, selon les statistiques officielles, la somme vertigineuse de 1 398 millions de dinars en 2019, soit trois fois plus que le d\u00e9ficit de l\u2019ann\u00e9e 2018. Nous avons export\u00e9 pour [&hellip;]<\/p>\n","protected":false},"author":1772,"featured_media":0,"comment_status":"closed","ping_status":"closed","sticky":false,"template":"","format":"standard","meta":{"fifu_image_url":"","fifu_image_alt":"","footnotes":""},"categories":[73,55],"tags":[],"class_list":["post-79712","post","type-post","status-publish","format-standard","hentry","category-actualite","category-tunisie"],"_links":{"self":[{"href":"https:\/\/linitiative.ca\/International\/wp-json\/wp\/v2\/posts\/79712","targetHints":{"allow":["GET"]}}],"collection":[{"href":"https:\/\/linitiative.ca\/International\/wp-json\/wp\/v2\/posts"}],"about":[{"href":"https:\/\/linitiative.ca\/International\/wp-json\/wp\/v2\/types\/post"}],"author":[{"embeddable":true,"href":"https:\/\/linitiative.ca\/International\/wp-json\/wp\/v2\/users\/1772"}],"replies":[{"embeddable":true,"href":"https:\/\/linitiative.ca\/International\/wp-json\/wp\/v2\/comments?post=79712"}],"version-history":[{"count":0,"href":"https:\/\/linitiative.ca\/International\/wp-json\/wp\/v2\/posts\/79712\/revisions"}],"wp:attachment":[{"href":"https:\/\/linitiative.ca\/International\/wp-json\/wp\/v2\/media?parent=79712"}],"wp:term":[{"taxonomy":"category","embeddable":true,"href":"https:\/\/linitiative.ca\/International\/wp-json\/wp\/v2\/categories?post=79712"},{"taxonomy":"post_tag","embeddable":true,"href":"https:\/\/linitiative.ca\/International\/wp-json\/wp\/v2\/tags?post=79712"}],"curies":[{"name":"wp","href":"https:\/\/api.w.org\/{rel}","templated":true}]}}