{"id":79713,"date":"2020-03-21T14:59:00","date_gmt":"2020-03-21T18:59:00","guid":{"rendered":"https:\/\/linitiative.ca\/International\/la-tunisie-demande-une-reunion-urgente-du-conseil-de-securite-de-lonu-pour-engager-une-action-commune-face-au-covid-19\/"},"modified":"2020-03-21T14:59:00","modified_gmt":"2020-03-21T18:59:00","slug":"la-tunisie-demande-une-reunion-urgente-du-conseil-de-securite-de-lonu-pour-engager-une-action-commune-face-au-covid-19","status":"publish","type":"post","link":"https:\/\/linitiative.ca\/International\/la-tunisie-demande-une-reunion-urgente-du-conseil-de-securite-de-lonu-pour-engager-une-action-commune-face-au-covid-19\/","title":{"rendered":"La Tunisie demande une r\u00e9union urgente du conseil de S\u00e9curit\u00e9 de l\u2019ONU pour engager une action commune face au Covid-19"},"content":{"rendered":"<p>La Tunisie est sur le point de saisir officiellement le pr\u00e9sident du conseil de S\u00e9curit\u00e9 de l\u2019ONU, Ma Zhaoxu (Chine) en vue de la tenue d\u2019une r\u00e9union urgente du Conseil en pour d\u00e9battre de la pand\u00e9mie du Covid-19 et des mesures appropri\u00e9es \u00e0 prendre \u00e0 l\u2019\u00e9chelle mondiale, apprend <span class=\"c2\"><strong>Leaders<\/strong><\/span> de bonne source. Membre non-permanent du Conseil, elle se propose d\u2019engager \u00e0 cet effet, sur instruction du pr\u00e9sident de la R\u00e9publique, les consultations avec ses homologues, afin de converger vers un projet de r\u00e9solution \u00e0 soumettre \u00e0 l\u2019adoption. En raison du confinement g\u00e9n\u00e9ral proclam\u00e9 \u00e0 l\u2019ONU, les consultations bilat\u00e9rales se d\u00e9roules par t\u00e9l\u00e9phones et autres moyens de communication alors que les r\u00e9unions se tiendront en visio-conf\u00e9rence.<\/p>\n<p>D\u00e8s vendredi 20 mars, le pr\u00e9sident Kais Saied avait instruit dans ce sens le ministre des Affaires \u00e9trang\u00e8res, Noureddine Erray. La pr\u00e9sidence du conseil de S\u00e9curit\u00e9 tourne tous les mois suivant l\u2019ordre alphab\u00e9tique des noms de tous les membres en anglais. Elle est assur\u00e9e au cours du mois de mars par le repr\u00e9sentant de la Chine, Ma Zhaoxu. Diplomate de carri\u00e8re et vice-ministre des Affaires \u00e9trang\u00e8res depuis le 15 juillet 2019, il a \u00e9t\u00e9 repr\u00e9sentant permanent de la Chine aupr\u00e8s des Nations Unies \u00e0 New York (2018 &#8211; 2019).<\/p>\n<p>De son c\u00f4t\u00e9 et \u00e0 titre personnel, l\u2019ancien chef du gouvernement tunisien Youssef Chahed a appel\u00e9, dans une tribune publi\u00e9e sur <a href=\"https:\/\/www.lemonde.fr\/afrique\/article\/2020\/03\/21\/les-nations-unies-doivent-declarer-une-guerre-mondiale-au-coronavirus_6033935_3212.html\" target=\"_blank\" rel=\"noopener noreferrer\">Le Monde<\/a> et realy\u00e9e par <a href=\"https:\/\/www.leaders.com.tn\/article\/29423-covid-19-youssef-chahed-lance-un-appel-international-pressent-en-faveur-de-toute-l-afrique-le-maintien-de-la-paix-mais-aussi-le-maintien-de-la-vie\"><span class=\"c2\"><strong>Leaders<\/strong><\/span><\/a>, le conseil de S\u00e9curit\u00e9 de l\u2019ONU \u00e0 \u00ab\u00a0se r\u00e9unir en extr\u00eame urgence pour d\u00e9clarer une guerre mondiale \u00e0 ce virus et donner au monde les moyens de la gagner.\u00a0\u00bb<\/p>\n<p>Dans <a href=\"\/uploads\/FCK_files\/SG%20remarks%20on%20COVID-19,%20French,%2019%20March%202020.pdf\">une note<\/a> publi\u00e9e jeudi \u00e0 New York, le secr\u00e9taire g\u00e9n\u00e9ral de l\u2019ONU Antonio Guterres a lanc\u00e9 un appel \u00e0 la solidarit\u00e9. \u00ab\u00a0Nous sommes confront\u00e9s \u00e0 une crise sanitaire plan\u00e9taire comme l\u2019Organisation des Nations Unies n\u2019en a jamais connue en 75 ans d\u2019histoire \u2013 une crise qui propage la souffrance dans toute l\u2019humanit\u00e9, met en p\u00e9ril l\u2019\u00e9conomie mondiale et bouleverse la vie de tout un chacun, d\u00e9clare-t-il. Trois grandes urgences pr\u00e9cise-t-il, en les d\u00e9taillant, \u00e0 savoir\u00a0:<\/p>\n<p>D\u2019abord, <span class=\"c3\"><strong>faire face \u00e0 l\u2019urgence sanitaire<\/strong><\/span>,<\/p>\n<p>Deuxi\u00e8mement, <span class=\"c3\"><strong>faire face aux cons\u00e9quences sociales et favoriser les mesures \u00e9conomiques et la reprise,<\/strong><\/span><\/p>\n<p>Troisi\u00e8me et dernier point, <span class=\"c3\"><strong>il nous incombe de \u00ab\u00a0nous r\u00e9tablir en mieux\u00a0\u00bb.<\/strong><\/span><\/p>\n<p>Le secr\u00e9taire g\u00e9n\u00e9ral de l\u2019ONU a ajout\u00e9\u00a0: \u00ab\u00a0Nous avons un cadre d\u2019action \u2013 le Programme de d\u00e9veloppement durable \u00e0 l\u2019horizon 2030 et l\u2019Accord de Paris sur les changements climatiques. <span class=\"c3\"><strong>Nous devons tenir nos promesses pour les populations et la plan\u00e8te.<\/strong><\/span> L\u2019Organisation des Nations Unies \u2013 et son r\u00e9seau mondial de bureaux nationaux \u2013 aidera tous les \u00c9tats \u00e0 faire en sorte que l\u2019\u00e9conomie mondiale et les personnes qu\u2019elle sert sortent renforc\u00e9es de cette crise. C\u2019est la raison d\u2019\u00eatre de la D\u00e9cennie d\u2019action en faveur des objectifs de d\u00e9veloppement durable. Plus que jamais, nous avons besoin de solidarit\u00e9, d\u2019espoir et de volont\u00e9 politique pour surmonter ensemble cette crise terrible.\u00a0\u00bb<\/p>\n<p><a href=\"\/uploads\/FCK_files\/SG%20remarks%20on%20COVID-19,%20French,%2019%20March%202020.pdf\">T\u00e9l\u00e9charger la note int\u00e9grale<\/a><br \/>\u00a0<\/p>\n<p>Auteur:<br \/>\n<a href=\"https:\/\/www.leaders.com.tn\/article\/29429-la-tunisie-demande-une-reunion-urgente-du-conseil-de-securite-de-l-onu-pour-engager-une-action-commune-face-au-covid-19\">Cliquez ici pour lire l&rsquo;article depuis sa source.<\/a><\/p>\n","protected":false},"excerpt":{"rendered":"<p>La Tunisie est sur le point de saisir officiellement le pr\u00e9sident du conseil de S\u00e9curit\u00e9 de l\u2019ONU, Ma Zhaoxu (Chine) en vue de la tenue d\u2019une r\u00e9union urgente du Conseil en pour d\u00e9battre de la pand\u00e9mie du Covid-19 et des mesures appropri\u00e9es \u00e0 prendre \u00e0 l\u2019\u00e9chelle mondiale, apprend Leaders de bonne source. Membre non-permanent du [&hellip;]<\/p>\n","protected":false},"author":1772,"featured_media":0,"comment_status":"closed","ping_status":"closed","sticky":false,"template":"","format":"standard","meta":{"fifu_image_url":"","fifu_image_alt":"","footnotes":""},"categories":[73,55],"tags":[],"class_list":["post-79713","post","type-post","status-publish","format-standard","hentry","category-actualite","category-tunisie"],"_links":{"self":[{"href":"https:\/\/linitiative.ca\/International\/wp-json\/wp\/v2\/posts\/79713","targetHints":{"allow":["GET"]}}],"collection":[{"href":"https:\/\/linitiative.ca\/International\/wp-json\/wp\/v2\/posts"}],"about":[{"href":"https:\/\/linitiative.ca\/International\/wp-json\/wp\/v2\/types\/post"}],"author":[{"embeddable":true,"href":"https:\/\/linitiative.ca\/International\/wp-json\/wp\/v2\/users\/1772"}],"replies":[{"embeddable":true,"href":"https:\/\/linitiative.ca\/International\/wp-json\/wp\/v2\/comments?post=79713"}],"version-history":[{"count":0,"href":"https:\/\/linitiative.ca\/International\/wp-json\/wp\/v2\/posts\/79713\/revisions"}],"wp:attachment":[{"href":"https:\/\/linitiative.ca\/International\/wp-json\/wp\/v2\/media?parent=79713"}],"wp:term":[{"taxonomy":"category","embeddable":true,"href":"https:\/\/linitiative.ca\/International\/wp-json\/wp\/v2\/categories?post=79713"},{"taxonomy":"post_tag","embeddable":true,"href":"https:\/\/linitiative.ca\/International\/wp-json\/wp\/v2\/tags?post=79713"}],"curies":[{"name":"wp","href":"https:\/\/api.w.org\/{rel}","templated":true}]}}