{"id":79716,"date":"2020-03-21T14:17:10","date_gmt":"2020-03-21T18:17:10","guid":{"rendered":"https:\/\/linitiative.ca\/International\/coronavirus-96-cas-confirmes-au-maroc\/"},"modified":"2020-03-21T14:17:10","modified_gmt":"2020-03-21T18:17:10","slug":"coronavirus-96-cas-confirmes-au-maroc","status":"publish","type":"post","link":"https:\/\/linitiative.ca\/International\/coronavirus-96-cas-confirmes-au-maroc\/","title":{"rendered":"Coronavirus : 96 cas confirm\u00e9s au Maroc"},"content":{"rendered":"<p><strong>Quatre-vingt-seize cas confirm\u00e9s de contamination au nouveau coronavirus (Covid-19) ont \u00e9t\u00e9 recens\u00e9s au Maroc jusqu\u2019\u00e0 samedi \u00e0 19h30, annonce le minist\u00e8re de la Sant\u00e9.<\/strong><\/p>\n<div class=\"c10\"\/>\n<p>Ces cas ont \u00e9t\u00e9 confirm\u00e9s par les laboratoires de l\u2019Institut Pasteur-Maroc, du Centre national de la grippe et des virus respiratoires relevant de l\u2019Institut d\u2019hygi\u00e8ne de Rabat et de l\u2019H\u00f4pital militaire, indique le minist\u00e8re dans un communiqu\u00e9.<\/p>\n<p>Ces cas, dont trois d\u00e9c\u00e8s, ont \u00e9t\u00e9 enregistr\u00e9s dans les r\u00e9gions de F\u00e8s-Mekn\u00e8s (21 cas confirm\u00e9s), Casablanca-Settat (22), Rabat-K\u00e9nitra (22), Tanger-T\u00e9touan-Al Hoceima (7), Marrakech-Safi (10), Oriental (4), Guelimim-Oued Noun (1), Souss-Massa (6), B\u00e9ni Mellal-Kh\u00e9nifra (2) et Draa-Tafilalet (1), pr\u00e9cise le minist\u00e8re.<\/p>\n<p><img decoding=\"async\" src=\"http:\/\/www.covidmaroc.ma\/SiteCollectionImages\/En chiffres-12-03ar.jpg\" alt=\"ss\"\/><\/p>\n<p>Par ailleurs, le minist\u00e8re a annonc\u00e9 le r\u00e9tablissement de la citoyenne franco-s\u00e9n\u00e9galaise, dont la gu\u00e9rison du Covid-19 a \u00e9t\u00e9 confirm\u00e9e par les analyses du laboratoire et qu\u2019elle va quitter l\u2019h\u00f4pital ce samedi, ce qui porte ainsi \u00e0 trois le nombre de personne gu\u00e9ries du virus.<\/p>\n<p>Le minist\u00e8re pr\u00e9cise en outre que les analyses effectu\u00e9es auparavant sur un citoyen d\u00e9c\u00e9d\u00e9 et qui souffrait d\u2019une maladie chronique ont confirm\u00e9 qu\u2019il \u00e9tait contamin\u00e9 par le Covid-19 (cas post mortem).<\/p>\n<p>Le minist\u00e8re de la sant\u00e9 invite les citoyennes et les citoyens \u00e0 respecter les r\u00e8gles d\u2019hygi\u00e8ne et de s\u00e9curit\u00e9 sanitaire ainsi que les mesures pr\u00e9ventives prises par les autorit\u00e9s marocaines en faisant preuve de responsabilit\u00e9 et de patriotisme.<\/p>\n<div class=\"c17\">\n<fieldset class=\"c16\">\n<legend><strong><span class=\"c11\">Challenge<\/span><span class=\"c12\">news<\/span><\/strong><\/legend>\n<div class=\"c15\">Le meilleur de Challenge s\u00e9lectionn\u00e9 par la r\u00e9daction :<\/p>\n<\/div>\n<\/fieldset>\n<\/div>\n<p>Auteur: challenge<br \/>\n<a href=\"https:\/\/www.challenge.ma\/coronavirus-96-cas-confirmes-au-maroc-133469\/\">Cliquez ici pour lire l&rsquo;article depuis sa source.<\/a><\/p>\n","protected":false},"excerpt":{"rendered":"<p>Quatre-vingt-seize cas confirm\u00e9s de contamination au nouveau coronavirus (Covid-19) ont \u00e9t\u00e9 recens\u00e9s au Maroc jusqu\u2019\u00e0 samedi \u00e0 19h30, annonce le minist\u00e8re de la Sant\u00e9. Ces cas ont \u00e9t\u00e9 confirm\u00e9s par les laboratoires de l\u2019Institut Pasteur-Maroc, du Centre national de la grippe et des virus respiratoires relevant de l\u2019Institut d\u2019hygi\u00e8ne de Rabat et de l\u2019H\u00f4pital militaire, [&hellip;]<\/p>\n","protected":false},"author":1787,"featured_media":79717,"comment_status":"closed","ping_status":"closed","sticky":false,"template":"","format":"standard","meta":{"fifu_image_url":"","fifu_image_alt":"","footnotes":""},"categories":[78,54],"tags":[],"class_list":["post-79716","post","type-post","status-publish","format-standard","has-post-thumbnail","hentry","category-economie","category-maroc"],"_links":{"self":[{"href":"https:\/\/linitiative.ca\/International\/wp-json\/wp\/v2\/posts\/79716","targetHints":{"allow":["GET"]}}],"collection":[{"href":"https:\/\/linitiative.ca\/International\/wp-json\/wp\/v2\/posts"}],"about":[{"href":"https:\/\/linitiative.ca\/International\/wp-json\/wp\/v2\/types\/post"}],"author":[{"embeddable":true,"href":"https:\/\/linitiative.ca\/International\/wp-json\/wp\/v2\/users\/1787"}],"replies":[{"embeddable":true,"href":"https:\/\/linitiative.ca\/International\/wp-json\/wp\/v2\/comments?post=79716"}],"version-history":[{"count":0,"href":"https:\/\/linitiative.ca\/International\/wp-json\/wp\/v2\/posts\/79716\/revisions"}],"wp:featuredmedia":[{"embeddable":true,"href":"https:\/\/linitiative.ca\/International\/wp-json\/"}],"wp:attachment":[{"href":"https:\/\/linitiative.ca\/International\/wp-json\/wp\/v2\/media?parent=79716"}],"wp:term":[{"taxonomy":"category","embeddable":true,"href":"https:\/\/linitiative.ca\/International\/wp-json\/wp\/v2\/categories?post=79716"},{"taxonomy":"post_tag","embeddable":true,"href":"https:\/\/linitiative.ca\/International\/wp-json\/wp\/v2\/tags?post=79716"}],"curies":[{"name":"wp","href":"https:\/\/api.w.org\/{rel}","templated":true}]}}