{"id":79719,"date":"2020-03-21T15:41:04","date_gmt":"2020-03-21T19:41:04","guid":{"rendered":"https:\/\/linitiative.ca\/International\/cov19-cet-enfant-de-la-mondialisation\/"},"modified":"2020-03-21T15:41:04","modified_gmt":"2020-03-21T19:41:04","slug":"cov19-cet-enfant-de-la-mondialisation","status":"publish","type":"post","link":"https:\/\/linitiative.ca\/International\/cov19-cet-enfant-de-la-mondialisation\/","title":{"rendered":"COV19, cet enfant de la mondialisation"},"content":{"rendered":"<p><strong>COV19 est certainement un appel urgent \u00e0 la conscience humaine, une invitation \u00e0 revoir le mode de vie adopt\u00e9 et g\u00e9n\u00e9ralis\u00e9 par les humains sur cette plan\u00e8te qui souffre de nos actes.<\/strong><\/p>\n<div class=\"c10\"\/>\n<p>Au cours du si\u00e8cle pr\u00e9c\u00e9dent, deux grandes guerres ont ravag\u00e9 le monde, en plus des guerres coloniales qui ont pris la rel\u00e8ve, traduisant l\u2019extr\u00eame rapacit\u00e9 humaine, cons\u00e9quence surtout de l\u2019extr\u00eame \u00e9go\u00efsme et des pr\u00e9jug\u00e9s alimentant aveuglement et haine.<\/p>\n<p>Alors, pour \u00e9viter ces guerres qui se traduisent par des destructions et des massacres massifs, et garantir la paix, les \u00ab\u00a0vainqueurs\u00a0\u00bb ont essay\u00e9 de mettre en place un cadre institutionnel international. C\u2019est la naissance de l\u2019ONU. Aujourd\u2019hui, plus que jamais, le moment est venu de faire le bilan de cette organisation internationale. Un virus nomm\u00e9 <strong>COV19<\/strong> est venu nous rappeler cette urgence.<\/p>\n<p>Enfant de la mondialisation actuelle, ce virus peut \u00eatre per\u00e7u comme une sonnette d\u2019alarme. Car cette <strong>mondialisation<\/strong> en cours a \u00e9t\u00e9 et est celle des capitaux, des multinationales, de la logique marchande, au d\u00e9triment de la fraternit\u00e9 et de la solidarit\u00e9 entre les humains. Cette mondialisation est actuellement celle des d\u00e9forestations, de la pollution de l\u2019air et des eaux, de la disparition de milliers d\u2019esp\u00e8ces animales et v\u00e9g\u00e9tales, du r\u00e9chauffement climatique, bref d\u2019une autodestruction syst\u00e9matique et aveugle.<\/p>\n<p>Quel \u00ab\u00a0h\u00e9ritage\u00a0\u00bb laisserons-nous aux futures g\u00e9n\u00e9rations\u00a0? Si elles arrivent \u00e0 survivre dans les milieux naturels d\u00e9vast\u00e9s que nous leur laisserons.<\/p>\n<p>Il ne s\u2019agit nullement d\u2019imaginer des sc\u00e9narios catastrophistes ou de \u00ab\u00a0pleurnicher\u00a0\u00bb sur notre sort commun. Les pr\u00e9mices sont d\u00e9j\u00e0 l\u00e0. Une \u00e9valuation collective, objective et sinc\u00e8re des 75 ans de l\u2019<strong>ONU<\/strong> permettra aux Etats de dresser un constat d\u2019\u00e9chec et de prendre conscience de la n\u00e9cessit\u00e9 et de l\u2019urgence d\u2019agir collectivement, pour sauver ce qui reste \u00e0 sauver. Il n\u2019est plus seulement question d\u2019\u00e9viter les guerres, c\u2019est-\u00e0-dire des actes de violence destructrice et massive entre humains. Pour tous les Etats, et surtout les \u00ab\u00a0grandes puissances\u00a0\u00bb, l\u2019heure est venue pour remettre en cause les rapports qu\u2019entretiennent les humains avec l\u2019ensemble de la nature. Rapports essentiellement destructifs o\u00f9 l\u2019\u00eatre humain, \u00e0 d\u00e9faut de changement radical, ne sera que son propre fossoyeur.<\/p>\n<div class=\"c17\">\n<fieldset class=\"c16\">\n<legend><strong><span class=\"c11\">Challenge<\/span><span class=\"c12\">news<\/span><\/strong><\/legend>\n<div class=\"c15\">Le meilleur de Challenge s\u00e9lectionn\u00e9 par la r\u00e9daction :<\/p>\n<\/div>\n<\/fieldset>\n<\/div>\n<p>Auteur: Mohamed Amine<br \/>\n<a href=\"https:\/\/www.challenge.ma\/cov19-cet-enfant-de-la-mondialisation-133466\/\">Cliquez ici pour lire l&rsquo;article depuis sa source.<\/a><\/p>\n","protected":false},"excerpt":{"rendered":"<p>COV19 est certainement un appel urgent \u00e0 la conscience humaine, une invitation \u00e0 revoir le mode de vie adopt\u00e9 et g\u00e9n\u00e9ralis\u00e9 par les humains sur cette plan\u00e8te qui souffre de nos actes. Au cours du si\u00e8cle pr\u00e9c\u00e9dent, deux grandes guerres ont ravag\u00e9 le monde, en plus des guerres coloniales qui ont pris la rel\u00e8ve, traduisant [&hellip;]<\/p>\n","protected":false},"author":1787,"featured_media":0,"comment_status":"closed","ping_status":"closed","sticky":false,"template":"","format":"standard","meta":{"fifu_image_url":"","fifu_image_alt":"","footnotes":""},"categories":[78,54],"tags":[],"class_list":["post-79719","post","type-post","status-publish","format-standard","hentry","category-economie","category-maroc"],"_links":{"self":[{"href":"https:\/\/linitiative.ca\/International\/wp-json\/wp\/v2\/posts\/79719","targetHints":{"allow":["GET"]}}],"collection":[{"href":"https:\/\/linitiative.ca\/International\/wp-json\/wp\/v2\/posts"}],"about":[{"href":"https:\/\/linitiative.ca\/International\/wp-json\/wp\/v2\/types\/post"}],"author":[{"embeddable":true,"href":"https:\/\/linitiative.ca\/International\/wp-json\/wp\/v2\/users\/1787"}],"replies":[{"embeddable":true,"href":"https:\/\/linitiative.ca\/International\/wp-json\/wp\/v2\/comments?post=79719"}],"version-history":[{"count":0,"href":"https:\/\/linitiative.ca\/International\/wp-json\/wp\/v2\/posts\/79719\/revisions"}],"wp:attachment":[{"href":"https:\/\/linitiative.ca\/International\/wp-json\/wp\/v2\/media?parent=79719"}],"wp:term":[{"taxonomy":"category","embeddable":true,"href":"https:\/\/linitiative.ca\/International\/wp-json\/wp\/v2\/categories?post=79719"},{"taxonomy":"post_tag","embeddable":true,"href":"https:\/\/linitiative.ca\/International\/wp-json\/wp\/v2\/tags?post=79719"}],"curies":[{"name":"wp","href":"https:\/\/api.w.org\/{rel}","templated":true}]}}