{"id":79720,"date":"2020-03-21T15:45:20","date_gmt":"2020-03-21T19:45:20","guid":{"rendered":"https:\/\/linitiative.ca\/International\/tunisie-coronavirus-un-avocat-de-renommee-hospitalise-en-soins-intensifs-dans-une-clinique-privee\/"},"modified":"2020-03-21T15:45:20","modified_gmt":"2020-03-21T19:45:20","slug":"tunisie-coronavirus-un-avocat-de-renommee-hospitalise-en-soins-intensifs-dans-une-clinique-privee","status":"publish","type":"post","link":"https:\/\/linitiative.ca\/International\/tunisie-coronavirus-un-avocat-de-renommee-hospitalise-en-soins-intensifs-dans-une-clinique-privee\/","title":{"rendered":"Tunisie \u2013 Coronavirus\u00a0: Un avocat de renomm\u00e9e hospitalis\u00e9 en soins intensifs dans une clinique priv\u00e9e"},"content":{"rendered":"<div>\n<p>Un avocat ayant pignon sur rue en Tunisie, vient d&rsquo;&ecirc;tre hospitalis&eacute; en soins intensifs, dans une clinique priv&eacute;e de Tunis. &nbsp;<\/p>\n<p>L&rsquo;article <a href=\"https:\/\/www.tunisienumerique.com\/tunisie-coronavirus-un-avocat-de-renommee-hospitalise-en-soins-intensifs-dans-une-clinique-privee\/\">Tunisie &ndash; Coronavirus&nbsp;: Un avocat de renomm&eacute;e hospitalis&eacute; en soins intensifs dans une clinique priv&eacute;e<\/a> est apparu en premier sur <a href=\"https:\/\/www.tunisienumerique.com\/\">Tunisie Num&eacute;rique<\/a>.<\/p>\n<\/div>\n<p>Auteur: LM<br \/>\n<a href=\"https:\/\/www.tunisienumerique.com\/tunisie-coronavirus-un-avocat-de-renommee-hospitalise-en-soins-intensifs-dans-une-clinique-privee\/\">Cliquez ici pour lire l&rsquo;article depuis sa source.<\/a><\/p>\n","protected":false},"excerpt":{"rendered":"<p>Un avocat ayant pignon sur rue en Tunisie, vient d&rsquo;&ecirc;tre hospitalis&eacute; en soins intensifs, dans une clinique priv&eacute;e de Tunis. &nbsp; L&rsquo;article Tunisie &ndash; Coronavirus&nbsp;: Un avocat de renomm&eacute;e hospitalis&eacute; en soins intensifs dans une clinique priv&eacute;e est apparu en premier sur Tunisie Num&eacute;rique. Auteur: LM Cliquez ici pour lire l&rsquo;article depuis sa source.<\/p>\n","protected":false},"author":1789,"featured_media":0,"comment_status":"closed","ping_status":"closed","sticky":false,"template":"","format":"standard","meta":{"fifu_image_url":"","fifu_image_alt":"","footnotes":""},"categories":[73,55],"tags":[],"class_list":["post-79720","post","type-post","status-publish","format-standard","hentry","category-actualite","category-tunisie"],"_links":{"self":[{"href":"https:\/\/linitiative.ca\/International\/wp-json\/wp\/v2\/posts\/79720","targetHints":{"allow":["GET"]}}],"collection":[{"href":"https:\/\/linitiative.ca\/International\/wp-json\/wp\/v2\/posts"}],"about":[{"href":"https:\/\/linitiative.ca\/International\/wp-json\/wp\/v2\/types\/post"}],"author":[{"embeddable":true,"href":"https:\/\/linitiative.ca\/International\/wp-json\/wp\/v2\/users\/1789"}],"replies":[{"embeddable":true,"href":"https:\/\/linitiative.ca\/International\/wp-json\/wp\/v2\/comments?post=79720"}],"version-history":[{"count":0,"href":"https:\/\/linitiative.ca\/International\/wp-json\/wp\/v2\/posts\/79720\/revisions"}],"wp:attachment":[{"href":"https:\/\/linitiative.ca\/International\/wp-json\/wp\/v2\/media?parent=79720"}],"wp:term":[{"taxonomy":"category","embeddable":true,"href":"https:\/\/linitiative.ca\/International\/wp-json\/wp\/v2\/categories?post=79720"},{"taxonomy":"post_tag","embeddable":true,"href":"https:\/\/linitiative.ca\/International\/wp-json\/wp\/v2\/tags?post=79720"}],"curies":[{"name":"wp","href":"https:\/\/api.w.org\/{rel}","templated":true}]}}