{"id":79726,"date":"2020-03-21T16:38:38","date_gmt":"2020-03-21T20:38:38","guid":{"rendered":"https:\/\/linitiative.ca\/International\/tunisie-les-presidents-tunisiens-et-leur-manie-revelatrice-de-differer-leurs-allocutions\/"},"modified":"2020-03-21T16:38:38","modified_gmt":"2020-03-21T20:38:38","slug":"tunisie-les-presidents-tunisiens-et-leur-manie-revelatrice-de-differer-leurs-allocutions","status":"publish","type":"post","link":"https:\/\/linitiative.ca\/International\/tunisie-les-presidents-tunisiens-et-leur-manie-revelatrice-de-differer-leurs-allocutions\/","title":{"rendered":"Tunisie \u2013 Les pr\u00e9sidents tunisiens et leur manie r\u00e9v\u00e9latrice de diff\u00e9rer leurs allocutions"},"content":{"rendered":"<div>\n<p>Les tunisiens sont rest&eacute;, ce samedi soir, accroch&eacute;s &agrave; leurs t&eacute;l&eacute;s, dans l&rsquo;attente de l&rsquo;allocution du chef du gouvernement, qui devrait annoncer d&rsquo;importantes mesures pour la lutte contre le coronavirus, et pour pr&eacute;server l&rsquo;&eacute;conomie des citoyens et des entreprises. Or, l&rsquo;intervention t&eacute;l&eacute;vis&eacute;e qui &eacute;tait, au d&eacute;part, pr&eacute;vue pour 20H00, a &eacute;t&eacute; report&eacute;e &agrave; 21H00. Et [&hellip;]<\/p>\n<p>L&rsquo;article <a href=\"https:\/\/www.tunisienumerique.com\/tunisie-les-presidents-tunisiens-et-leur-manie-revelatrice-de-differer-leurs-allocutions\/\">Tunisie &ndash; Les pr&eacute;sidents tunisiens et leur manie r&eacute;v&eacute;latrice de diff&eacute;rer leurs allocutions<\/a> est apparu en premier sur <a href=\"https:\/\/www.tunisienumerique.com\/\">Tunisie Num&eacute;rique<\/a>.<\/p>\n<\/div>\n<p>Auteur: LM<br \/>\n<a href=\"https:\/\/www.tunisienumerique.com\/tunisie-les-presidents-tunisiens-et-leur-manie-revelatrice-de-differer-leurs-allocutions\/\">Cliquez ici pour lire l&rsquo;article depuis sa source.<\/a><\/p>\n","protected":false},"excerpt":{"rendered":"<p>Les tunisiens sont rest&eacute;, ce samedi soir, accroch&eacute;s &agrave; leurs t&eacute;l&eacute;s, dans l&rsquo;attente de l&rsquo;allocution du chef du gouvernement, qui devrait annoncer d&rsquo;importantes mesures pour la lutte contre le coronavirus, et pour pr&eacute;server l&rsquo;&eacute;conomie des citoyens et des entreprises. Or, l&rsquo;intervention t&eacute;l&eacute;vis&eacute;e qui &eacute;tait, au d&eacute;part, pr&eacute;vue pour 20H00, a &eacute;t&eacute; report&eacute;e &agrave; 21H00. Et [&hellip;]<\/p>\n","protected":false},"author":1789,"featured_media":0,"comment_status":"closed","ping_status":"closed","sticky":false,"template":"","format":"standard","meta":{"fifu_image_url":"","fifu_image_alt":"","footnotes":""},"categories":[73,55],"tags":[],"class_list":["post-79726","post","type-post","status-publish","format-standard","hentry","category-actualite","category-tunisie"],"_links":{"self":[{"href":"https:\/\/linitiative.ca\/International\/wp-json\/wp\/v2\/posts\/79726","targetHints":{"allow":["GET"]}}],"collection":[{"href":"https:\/\/linitiative.ca\/International\/wp-json\/wp\/v2\/posts"}],"about":[{"href":"https:\/\/linitiative.ca\/International\/wp-json\/wp\/v2\/types\/post"}],"author":[{"embeddable":true,"href":"https:\/\/linitiative.ca\/International\/wp-json\/wp\/v2\/users\/1789"}],"replies":[{"embeddable":true,"href":"https:\/\/linitiative.ca\/International\/wp-json\/wp\/v2\/comments?post=79726"}],"version-history":[{"count":0,"href":"https:\/\/linitiative.ca\/International\/wp-json\/wp\/v2\/posts\/79726\/revisions"}],"wp:attachment":[{"href":"https:\/\/linitiative.ca\/International\/wp-json\/wp\/v2\/media?parent=79726"}],"wp:term":[{"taxonomy":"category","embeddable":true,"href":"https:\/\/linitiative.ca\/International\/wp-json\/wp\/v2\/categories?post=79726"},{"taxonomy":"post_tag","embeddable":true,"href":"https:\/\/linitiative.ca\/International\/wp-json\/wp\/v2\/tags?post=79726"}],"curies":[{"name":"wp","href":"https:\/\/api.w.org\/{rel}","templated":true}]}}