{"id":79727,"date":"2020-03-21T14:02:38","date_gmt":"2020-03-21T18:02:38","guid":{"rendered":"https:\/\/linitiative.ca\/International\/yahaya-zoungrana-depute\/"},"modified":"2020-03-21T14:02:38","modified_gmt":"2020-03-21T18:02:38","slug":"yahaya-zoungrana-depute","status":"publish","type":"post","link":"https:\/\/linitiative.ca\/International\/yahaya-zoungrana-depute\/","title":{"rendered":"YAHAYA ZOUNGRANA, DEPUTE"},"content":{"rendered":"<div class=\"stream-item stream-item-above-post-content\">\n<p><noscript><\/p>\n<p><a href=\"\/\/www3.smartadserver.com\/ac?jump=1&amp;nwid=2136&amp;siteid=240610&amp;pgname=rg&amp;fmtid=49046&amp;visit=m&amp;tmstp=[timestamp]&amp;out=nonrich\" target=\"_blank\" rel=\"noopener noreferrer\"><img decoding=\"async\" src=\"http:\/\/www3.smartadserver.com\/ac?out=nonrich&amp;nwid=2136&amp;siteid=240610&amp;pgname=rg&amp;fmtid=49046&amp;visit=m&amp;tmstp=[timestamp]\" border=\"0\" alt=\"\"\/><\/a><\/p>\n<p><\/noscript><\/div>\n<p class=\"c3\"><strong><em>Les observateurs ne l\u2019ont pas vu venir mais voil\u00e0, il vient de se positionner comme candidat \u00e0 la candidature \u00a0\u00a0du Congr\u00e8s pour la d\u00e9mocratie et le progr\u00e8s (CDP) \u00e0 la pr\u00e9sidentielle 2020. Nous parlons du d\u00e9put\u00e9 Yahaya Zoungrana. Cet homme, militant membre \u00ab\u00a0du commando de l\u2019ombre\u00a0\u00bb au temps fort du CDP, fait partie de ceux qui se sont battus pour ramener l\u2019ex-parti au pouvoir \u00e0 la lumi\u00e8re et ce, apr\u00e8s l\u2019insurrection. Aujourd\u2019hui, il r\u00eave de faire partie des candidats qui vont concourir le 22 novembre 2020 pour le poste de pr\u00e9sident du Faso. Mais avant, il devrait batailler dur pour passer l\u2019\u00e9preuve des primaires au sein du CDP. Quelles sont ses chances\u00a0? Lisez l\u2019homme et vous aurez la r\u00e9ponse.<\/em><\/strong><\/p>\n<p class=\"c3\"><strong><em>\u00a0<\/em><\/strong><\/p>\n<p class=\"c3\"><strong><em>\u00ab\u00a0Le Pays\u00a0\u00bb\u00a0: Vous \u00eates candidat \u00e0 la candidature pour la pr\u00e9sidentielle au sein de votre parti, le CDP. Quelles sont vos motivations\u00a0?<\/em><\/strong><\/p>\n<p class=\"c3\"><strong><em>\u00a0<\/em><\/strong><\/p>\n<p class=\"c3\"><em>D\u00e9put\u00e9 Yahaya Zoungrana\u00a0: Avant toute chose, permettez-moi d\u2019avoir une pens\u00e9e pour nos populations en ces moments tr\u00e8s difficiles pour notre pays secou\u00e9 par les attaques meurtri\u00e8res du terrorisme auxquelles viennent s\u2019ajouter les assauts mortels du coronavirus. J\u2019invite les populations \u00e0 la prudence et \u00e0 l\u2019observance des r\u00e8gles d\u2019hygi\u00e8ne indiqu\u00e9es par les autorit\u00e9s sanitaires. Pour r\u00e9pondre \u00e0 votre premi\u00e8re question, oui, j\u2019ai d\u00e9cid\u00e9 d\u2019\u00eatre candidat \u00e0 la candidature du CDP pour la pr\u00e9sidentielle de 2020. Plusieurs raisons militent pour cette d\u00e9cision. Premi\u00e8rement, le processus interne du parti pour le choix du candidat, est ouvert \u00e0 tout militant du CDP. Ensuite, depuis les \u00e9v\u00e9nements d\u2019octobre 2014, l\u2019ensemble des militants, sympathisants et \u00e9lecteurs du parti, attendent les \u00e9lections de 2020 pour exprimer leur fid\u00e9lit\u00e9 au parti et \u00e0 son pr\u00e9sident fondateur, le pr\u00e9sident Blaise Compaor\u00e9. Enfin, je suis candidat pour donner l\u2019opportunit\u00e9 aux membres du Coll\u00e8ge \u00e9lectoral de choisir un candidat \u00e0 m\u00eame de rassembler le parti, \u00e0 m\u00eame de mettre en ordre de bataille le parti pour une victoire forte au soir du 22 novembre 2020.<\/em><\/p>\n<p class=\"c3\"><em>\u00a0<\/em><\/p>\n<p class=\"c3\"><strong><em>\u00ab\u00a0Je vais \u00e0 cette \u00e9lection avec mes atouts qui, je pense, seront reconnus par les membres du Coll\u00e8ge \u00e9lectoral\u00a0\u00bb<\/em><\/strong><\/p>\n<p class=\"c3\"><strong><em>\u00a0<\/em><\/strong><\/p>\n<p class=\"c3\"><em><strong>Quelles sont vos chances d\u2019\u00eatre retenu comme le candidat du CDP\u00a0?<\/strong><\/em><\/p>\n<p class=\"c3\"><em>\u00a0<\/em><\/p>\n<p class=\"c3\"><em>Si vous examinez les conditions de la directive pour \u00eatre candidat, vous comprendrez que d\u00e9poser un dossier de candidature n\u2019est pas une ballade de sant\u00e9. Notre parti revient de tr\u00e8s loin depuis 2014. J\u2019ai particip\u00e9, en tant que coordonnateur de r\u00e9gions (Centre-Ouest &amp; Centre-Sud), au travail de redressement du parti dans le cadre de la commission ad hoc en 2017. Cela m\u2019a permis de constater l\u2019enracinement du CDP dans les villes et campagnes du pays. Ensuite, depuis que je suis d\u00e9put\u00e9 CDP, je pense que je contribue \u00e0 la visibilit\u00e9 du parti sur l\u2019\u00e9chiquier politique national \u00e0 travers le travail parlementaire \u00e0 l\u2019Assembl\u00e9e nationale. \u00c0 l\u2019int\u00e9rieur du parti, mon combat pour le respect des textes, est connu des militants. Cela a contribu\u00e9, je le pense, \u00e0 la vitalit\u00e9 du jeu d\u00e9mocratique interne.<\/em><\/p>\n<p class=\"c3\"><strong><em>Je vais \u00e0 cette \u00e9lection avec mes atouts qui, je pense, seront reconnus par les membres du Coll\u00e8ge \u00e9lectoral.<\/em><\/strong><\/p>\n<p class=\"c3\"><strong><em>J\u2019ai 100% de chances d\u2019\u00eatre choisi candidat du CDP \u00e0 la pr\u00e9sidentielle de 2020.<\/em><\/strong><\/p>\n<p class=\"c3\"><strong><em>\u00a0<\/em><\/strong><\/p>\n<p class=\"c3\"><strong><em>Qu\u2019est-ce qui fait la diff\u00e9rence entre votre candidature et celles de Eddie Kombo\u00efgo et de Mahamadi Kouanda\u00a0?<\/em><\/strong><\/p>\n<p class=\"c3\"><strong><em>\u00a0<\/em><\/strong><\/p>\n<p class=\"c3\"><em>La diff\u00e9rence entre moi et les autres ne peut \u00eatre donn\u00e9e par moi-m\u00eame. C\u2019est \u00e0 ceux qui nous observent de faire la diff\u00e9rence. Je suis tr\u00e8s engag\u00e9 en politique, mais j\u2019arrive \u00e0 garder de bonnes relations avec tous mes protagonistes, quel que soit le sujet qui nous divise car, avant tout, nous sommes des humains et \u00e0 ce titre, je garde \u00e0 l\u2019esprit que tout change, sauf le changement.<\/em><\/p>\n<p class=\"c3\"><em>\u00a0<\/em><\/p>\n<p class=\"c3\"><strong><em>On a l\u2019impression que les diff\u00e9rents protagonistes de la crise au sein du parti, pr\u00e9sentent chacun un candidat. N\u2019est-ce pas un signe que les choses pourront d\u00e9g\u00e9n\u00e9rer davantage\u00a0?<\/em><\/strong><\/p>\n<p class=\"c3\"><strong><em>\u00a0<\/em><\/strong><\/p>\n<p class=\"c3\"><em>Au CDP,\u00a0 le d\u00e9bat des id\u00e9es y est des fois intense. Vous l\u2019avez constat\u00e9, ces derni\u00e8res ann\u00e9es. A tous ceux qui craignaient un \u00e9clatement du parti, j\u2019ai souvent r\u00e9pondu que le CDP n\u2019est plus au pouvoir mais il n\u2019est pas orphelin. Tous les courants \u00e0 l\u2019int\u00e9rieur du parti reconnaissent le pr\u00e9sident Blaise Compaor\u00e9 comme le fondateur du parti. Il ne s\u2019impose jamais, mais son avis nous rassemble toujours. L\u2019objectif de ce processus de d\u00e9signation du candidat, est de choisir le meilleur d\u2019entre nous pour que le parti gagne en 2020. Pour gagner, il faut que le candidat du CDP rassemble le CDP \u00e0 100%. Mais objectivement, cela ne sera pas suffisant. Il faut en plus qu\u2019il rassemble au-del\u00e0 du CDP pour avoir une masse critique d\u2019\u00e9lecteurs pour remporter. Je pense humblement que je remplis les conditions pour cela. J\u2019invite les membres du Coll\u00e8ge \u00e9lectoral \u00e0 tenir compte de l\u2019attente de l\u2019immense majorit\u00e9 des femmes, hommes et jeunes du CDP et faire le choix qui \u00a0redynamisera l\u2019ensemble de ces militants pour la reconqu\u00eate du pouvoir d\u00e8s 2020. Le CDP, parti de gouvernement, reste le parti qui peut apporter une alternative cr\u00e9dible \u00e0 la gouvernance actuelle. Les populations le savent et esp\u00e8rent que le CDP leur pr\u00e9sentera un candidat \u00e0 la hauteur des enjeux actuels du pays, qui sont immenses et pressants.<\/em><\/p>\n<p class=\"c3\"><em>\u00a0<\/em><\/p>\n<p class=\"c3\"><strong><em>Que pensez-vous des conditions dans lesquelles se d\u00e9roule le processus de d\u00e9signation du candidat du CDP \u00e0 la pr\u00e9sidentielle\u00a0?<\/em><\/strong><\/p>\n<p class=\"c3\"><em>\u00a0<\/em><\/p>\n<p class=\"c3\"><em>Si vous parlez des conditions internes au parti, en tant que candidat, je trouve que le fait qu\u2019un des candidats soit en m\u00eame temps le pr\u00e9sident du parti,\u00a0 biaise le jeu. En tant que membre du Bureau ex\u00e9cutif national, j\u2019\u00e9tais pr\u00e9sent \u00e0 l\u2019adoption de la directive pour la d\u00e9signation du candidat. Elle a \u00e9t\u00e9 adopt\u00e9e en l\u2019\u00e9tat, sans amendement. Donc, elle s\u2019impose. Pour plus de transparence et d\u2019\u00e9galit\u00e9 des candidats, je pense que le pr\u00e9sident du parti aurait d\u00fb d\u00e9missionner de son poste. Cela l\u2019aurait grandi.<\/em><\/p>\n<p class=\"c3\"><em>\u00a0<\/em><\/p>\n<p class=\"c3\"><strong><em>Quel message avez-vous \u00e0 lancer aux militants de votre parti, qui attendent avec impatience de conna\u00eetre le nom de leur candidat \u00e0 la pr\u00e9sidentielle\u00a0?<\/em><\/strong><\/p>\n<p class=\"c3\"><strong><em>\u00a0<\/em><\/strong><\/p>\n<p class=\"c3\"><em>Aux militants du CDP de toutes les contr\u00e9es du Burkina, j\u2019exprime toute ma reconnaissance pour l\u2019estime et l\u2019accueil qu\u2019ils ont r\u00e9serv\u00e9s \u00e0 ma candidature. Certains se sont d\u00e9plac\u00e9s sur plus de 100 km pour assister au d\u00e9p\u00f4t de mon dossier. Je leur en suis reconnaissant et leur donne rendez-vous apr\u00e8s l\u2019\u00e9lection du candidat. Tout ce que Dieu fait est parfait\u00a0; j\u2019en suis convaincu. Restons engag\u00e9s pour la victoire de notre parti, en reconnaissance au Fondateur, le pr\u00e9sident Blaise Compaor\u00e9 et pour redresser le pays afin de le remettre sur la voie de l\u2019\u00e9mergence. Je vous remercie\u00a0!<\/em><\/p>\n<p class=\"c3\"><em>\u00a0<\/em><\/p>\n<p class=\"c3\"><strong><em>Entretien r\u00e9alis\u00e9 par Michel NANA<\/em><\/strong><\/p>\n<p><strong>\u00a0<\/strong><\/p>\n<p>Auteur: Le Pays<br \/>\n<a href=\"http:\/\/lepays.bf\/yahaya-zoungrana-depute\/\">Cliquez ici pour lire l&rsquo;article depuis sa source.<\/a><\/p>\n","protected":false},"excerpt":{"rendered":"<p>Les observateurs ne l\u2019ont pas vu venir mais voil\u00e0, il vient de se positionner comme candidat \u00e0 la candidature \u00a0\u00a0du Congr\u00e8s pour la d\u00e9mocratie et le progr\u00e8s (CDP) \u00e0 la pr\u00e9sidentielle 2020. Nous parlons du d\u00e9put\u00e9 Yahaya Zoungrana. Cet homme, militant membre \u00ab\u00a0du commando de l\u2019ombre\u00a0\u00bb au temps fort du CDP, fait partie de ceux [&hellip;]<\/p>\n","protected":false},"author":1813,"featured_media":0,"comment_status":"closed","ping_status":"closed","sticky":false,"template":"","format":"standard","meta":{"fifu_image_url":"","fifu_image_alt":"","footnotes":""},"categories":[73,81],"tags":[],"class_list":["post-79727","post","type-post","status-publish","format-standard","hentry","category-actualite","category-burkina-faso"],"_links":{"self":[{"href":"https:\/\/linitiative.ca\/International\/wp-json\/wp\/v2\/posts\/79727","targetHints":{"allow":["GET"]}}],"collection":[{"href":"https:\/\/linitiative.ca\/International\/wp-json\/wp\/v2\/posts"}],"about":[{"href":"https:\/\/linitiative.ca\/International\/wp-json\/wp\/v2\/types\/post"}],"author":[{"embeddable":true,"href":"https:\/\/linitiative.ca\/International\/wp-json\/wp\/v2\/users\/1813"}],"replies":[{"embeddable":true,"href":"https:\/\/linitiative.ca\/International\/wp-json\/wp\/v2\/comments?post=79727"}],"version-history":[{"count":0,"href":"https:\/\/linitiative.ca\/International\/wp-json\/wp\/v2\/posts\/79727\/revisions"}],"wp:attachment":[{"href":"https:\/\/linitiative.ca\/International\/wp-json\/wp\/v2\/media?parent=79727"}],"wp:term":[{"taxonomy":"category","embeddable":true,"href":"https:\/\/linitiative.ca\/International\/wp-json\/wp\/v2\/categories?post=79727"},{"taxonomy":"post_tag","embeddable":true,"href":"https:\/\/linitiative.ca\/International\/wp-json\/wp\/v2\/tags?post=79727"}],"curies":[{"name":"wp","href":"https:\/\/api.w.org\/{rel}","templated":true}]}}