{"id":79728,"date":"2020-03-20T17:39:33","date_gmt":"2020-03-20T21:39:33","guid":{"rendered":"https:\/\/linitiative.ca\/International\/covid-19-fermeture-des-frontieres-et-couvre-feu-decretes-au-burkina\/"},"modified":"2020-03-20T17:39:33","modified_gmt":"2020-03-20T21:39:33","slug":"covid-19-fermeture-des-frontieres-et-couvre-feu-decretes-au-burkina","status":"publish","type":"post","link":"https:\/\/linitiative.ca\/International\/covid-19-fermeture-des-frontieres-et-couvre-feu-decretes-au-burkina\/","title":{"rendered":"COVID-19 : Fermeture des fronti\u00e8res et couvre-feu d\u00e9cr\u00e9t\u00e9s au Burkina"},"content":{"rendered":"<div class=\"td-post-featured-image\"><a href=\"https:\/\/i0.wp.com\/www.sidwaya.info\/wp-content\/uploads\/2020\/03\/roch.jpg?fit=731%2C455&amp;ssl=1\" data-caption=\"\"><img loading=\"lazy\" decoding=\"async\" width=\"696\" height=\"433\" class=\"entry-thumb td-modal-image\" src=\"https:\/\/i0.wp.com\/www.sidwaya.info\/wp-content\/uploads\/2020\/03\/roch.jpg?resize=696,433&amp;ssl=1\" srcset=\"https:\/\/i0.wp.com\/www.sidwaya.info\/wp-content\/uploads\/2020\/03\/roch.jpg?w=731&amp;ssl=1 731w, https:\/\/i0.wp.com\/www.sidwaya.info\/wp-content\/uploads\/2020\/03\/roch.jpg?resize=300%2C187&amp;ssl=1 300w, https:\/\/i0.wp.com\/www.sidwaya.info\/wp-content\/uploads\/2020\/03\/roch.jpg?resize=696,433&amp;ssl=1 696w, https:\/\/i0.wp.com\/www.sidwaya.info\/wp-content\/uploads\/2020\/03\/roch.jpg?resize=675%2C420&amp;ssl=1 675w, https:\/\/i0.wp.com\/www.sidwaya.info\/wp-content\/uploads\/2020\/03\/roch.jpg?resize=356%2C220&amp;ssl=1 356w, https:\/\/i0.wp.com\/www.sidwaya.info\/wp-content\/uploads\/2020\/03\/roch.jpg?resize=600%2C373&amp;ssl=1 600w\" sizes=\"auto, (max-width: 696px) 100vw, 696px\" alt=\"\" title=\"roch\"\/><\/a><\/div>\n<p>Discours du Pr\u00e9sident du Faso en int\u00e9gralit\u00e9<\/p>\n<p><strong>Chers Compatriotes<\/strong><br \/><strong>Habitants du pays des Hommes int\u00e8gres<\/strong><\/p>\n<p>Le Burkina Faso, \u00e0 l\u2019instar de nombreux pays dans le monde, est touch\u00e9 par la pand\u00e9mie du coronavirus, le COVID-19.<\/p>\n<p>Depuis la confirmation des premiers cas dans notre pays, le 9 mars dernier, \u00e0 ce jour, une quarantaine de personnes sont contamin\u00e9es, et nous avons enregistr\u00e9 le premier d\u00e9c\u00e8s, dans la nuit du 17 au 18 mars.<\/p>\n<p>Je salue le professionnalisme des personnels de sant\u00e9 qui, au p\u00e9ril de leur vie, sont rest\u00e9s mobilis\u00e9s depuis la d\u00e9couverte des premiers cas suspects, et leur adresse tous mes encouragements.<\/p>\n<p>La pand\u00e9mie du coronavirus est une r\u00e9alit\u00e9 qui doit nous interpeller et nous pr\u00e9occuper tous.<\/p>\n<p>Comme si la situation s\u00e9curitaire n\u2019\u00e9tait pas suffisante, le COVID-19 vient en rajouter \u00e0 nos difficult\u00e9s, nous rappelant l\u2019urgence de changer imp\u00e9rativement nos comportements individuels et collectifs.<\/p>\n<p>Je tiens \u00e0 saluer et \u00e0 remercier les responsables religieux et coutumiers pour leur adh\u00e9sion et leur accompagnement dans la sensibilisation des populations, \u00e0 travers les mesures fortes qu\u2019ils ont prises, consacrant des restrictions apport\u00e9es \u00e0 la pratique de leurs cultes.<\/p>\n<p>Au regard du mode de contamination du virus et des capacit\u00e9s de nos structures de sant\u00e9, nous devons tout mettre en \u0153uvre et adopter les bonnes pratiques, pour interrompre la chaine de transmission communautaire du COVID-19.<\/p>\n<p>Personne n\u2019est \u00e0 l\u2019abri de ce virus. En l\u2019absence de vaccin et de traitement valid\u00e9, le seul antidote demeure donc la pr\u00e9vention individuelle et collective.<\/p>\n<p>Ainsi, apr\u00e8s de larges consultations, j\u2019ai d\u00e9cid\u00e9 de prendre les mesures suivantes :<\/p>\n<p><strong>1. Sur le plan des libert\u00e9s<\/strong>\u00a0:<\/p>\n<p>\u2013 l\u2019interdiction de tout regroupement de plus de 50 personnes ;<br \/>-les mesures de restrictions concernant les d\u00e9bits de boissons, les salles de cin\u00e9ma, de jeux et de spectacles, les march\u00e9s et yaars, les restaurants, seront prises par les autorit\u00e9s comp\u00e9tentes ;<br \/>\u2013 L\u2019instauration d\u2019un couvre-feu de 19h00 \u00e0 5h00 du matin, sur toute l\u2019\u00e9tendue du territoire, pour compter du 21 mars 2020 \u00e0 minuit.<\/p>\n<p><strong>2. Sur le plan des transports :<\/strong><\/p>\n<p>-la fermeture des a\u00e9roports de Ouagadougou et de Bobo-Dioulasso, aux vols commerciaux, pour une dur\u00e9e de deux semaines, renouvelable, \u00e0 compter du 21 mars 2020 \u00e0 minuit, except\u00e9 pour les vols int\u00e9rieurs et militaires et le fret;<br \/>-la fermeture des fronti\u00e8res terrestres et ferroviaires, pour une dur\u00e9e de deux semaines, renouvelable, \u00e0 compter du 21 mars 2020 \u00e0 minuit, \u00e0 l\u2019exception du fret ;<br \/><strong>3. Sur le plan politique :<\/strong><\/p>\n<p>-la suspension imm\u00e9diate des op\u00e9rations d\u2019enr\u00f4lement biom\u00e9trique ;<br \/>-La suspension imm\u00e9diate des op\u00e9rations sp\u00e9ciales de d\u00e9livrance de cartes nationales d\u2019identit\u00e9 burkinab\u00e8.<br \/>-L\u2019application des mesures d\u2019hygi\u00e8ne dans tous les lieux publics et priv\u00e9s, doit \u00eatre stricte.<\/p>\n<p>Il va sans dire, que toutes les mesures prises feront l\u2019objet d\u2019une \u00e9valuation p\u00e9riodique, pour les ajuster constamment \u00e0 l\u2019\u00e9volution de la pand\u00e9mie.<\/p>\n<p>Nous devons am\u00e9liorer et renforcer les actions de communication, pour un changement de comportement.<\/p>\n<p>C\u2019est le lieu pour moi de d\u00e9noncer celles et ceux qui, \u00e0 travers les r\u00e9seaux sociaux, entretiennent la d\u00e9sinformation et s\u00e8ment la panique. Il nous faut prendre cette pand\u00e9mie au s\u00e9rieux.<\/p>\n<p><strong>Chers compatriotes<\/strong><br \/><strong>Amis r\u00e9sidant au Burkina Faso<\/strong><\/p>\n<p>Le Gouvernement a adopt\u00e9 un plan de riposte autour duquel s\u2019organise la mobilisation des acteurs et des partenaires techniques et financiers.<\/p>\n<p>Au nombre des mesures pratiques recommand\u00e9es par les sp\u00e9cialistes et le personnel de sant\u00e9, je voudrais insister sur la n\u00e9cessit\u00e9 pour tous :<\/p>\n<p>\u2013 de ne pas se serrer les mains ;<br \/>\u2013 de ne pas s\u2019embrasser ;<br \/>\u2013 de se laver r\u00e9guli\u00e8rement les mains au savon ;<br \/>\u2013 d\u2019observer la mesure de distance d\u2019un m\u00e8tre au moins ;<br \/>\u2013 d\u2019\u00e9viter les regroupements;<br \/>\u2013 de limiter nos d\u00e9placements et sorties;<br \/>\u2013 de porter des cache-nez ;<br \/>\u2013 d\u2019alerter les services de veille en cas de suspicion.<\/p>\n<p>Le num\u00e9ro vert et gratuit d\u00e9di\u00e9 est le 3535.<\/p>\n<div class=\"td-a-rec td-a-rec-id-content_bottom tdi_30_3aa td_block_template_1\"><img loading=\"lazy\" decoding=\"async\" class=\"aligncenter size-full wp-image-9623\" src=\"https:\/\/www.sidwaya.info\/wp-content\/uploads\/2019\/06\/Projet-bannie\u0300re-Orange-mobile.jpg\" alt=\"\" width=\"728\" height=\"81\"\/><\/div>\n<p>Auteur: BS. Sidwaya<br \/>\n<a href=\"https:\/\/www.sidwaya.info\/blog\/2020\/03\/20\/covid-19-fermeture-des-frontieres-et-couvre-feu-decrete-au-burkina\/\">Cliquez ici pour lire l&rsquo;article depuis sa source.<\/a><\/p>\n","protected":false},"excerpt":{"rendered":"<p>Discours du Pr\u00e9sident du Faso en int\u00e9gralit\u00e9 Chers CompatriotesHabitants du pays des Hommes int\u00e8gres Le Burkina Faso, \u00e0 l\u2019instar de nombreux pays dans le monde, est touch\u00e9 par la pand\u00e9mie du coronavirus, le COVID-19. Depuis la confirmation des premiers cas dans notre pays, le 9 mars dernier, \u00e0 ce jour, une quarantaine de personnes sont [&hellip;]<\/p>\n","protected":false},"author":1816,"featured_media":0,"comment_status":"closed","ping_status":"closed","sticky":false,"template":"","format":"standard","meta":{"fifu_image_url":"","fifu_image_alt":"","footnotes":""},"categories":[73,81],"tags":[],"class_list":["post-79728","post","type-post","status-publish","format-standard","hentry","category-actualite","category-burkina-faso"],"_links":{"self":[{"href":"https:\/\/linitiative.ca\/International\/wp-json\/wp\/v2\/posts\/79728","targetHints":{"allow":["GET"]}}],"collection":[{"href":"https:\/\/linitiative.ca\/International\/wp-json\/wp\/v2\/posts"}],"about":[{"href":"https:\/\/linitiative.ca\/International\/wp-json\/wp\/v2\/types\/post"}],"author":[{"embeddable":true,"href":"https:\/\/linitiative.ca\/International\/wp-json\/wp\/v2\/users\/1816"}],"replies":[{"embeddable":true,"href":"https:\/\/linitiative.ca\/International\/wp-json\/wp\/v2\/comments?post=79728"}],"version-history":[{"count":0,"href":"https:\/\/linitiative.ca\/International\/wp-json\/wp\/v2\/posts\/79728\/revisions"}],"wp:attachment":[{"href":"https:\/\/linitiative.ca\/International\/wp-json\/wp\/v2\/media?parent=79728"}],"wp:term":[{"taxonomy":"category","embeddable":true,"href":"https:\/\/linitiative.ca\/International\/wp-json\/wp\/v2\/categories?post=79728"},{"taxonomy":"post_tag","embeddable":true,"href":"https:\/\/linitiative.ca\/International\/wp-json\/wp\/v2\/tags?post=79728"}],"curies":[{"name":"wp","href":"https:\/\/api.w.org\/{rel}","templated":true}]}}