{"id":79729,"date":"2020-03-21T15:18:08","date_gmt":"2020-03-21T19:18:08","guid":{"rendered":"https:\/\/linitiative.ca\/International\/covid-19-fermeture-de-la-frontiere-mauritano-senegalaise\/"},"modified":"2020-03-21T15:18:08","modified_gmt":"2020-03-21T19:18:08","slug":"covid-19-fermeture-de-la-frontiere-mauritano-senegalaise","status":"publish","type":"post","link":"https:\/\/linitiative.ca\/International\/covid-19-fermeture-de-la-frontiere-mauritano-senegalaise\/","title":{"rendered":"Covid-19:  fermeture de la fronti\u00e8re mauritano-s\u00e9n\u00e9galaise"},"content":{"rendered":"<div readability=\"32\">\n<p>Publi\u00e9 le 21.03.2020 \u00e0 20h18 par APA News<\/p>\n<\/div>\n<div readability=\"56\">\n<p>La fronti\u00e8re entre la Mauritanie et le S\u00e9n\u00e9gal a \u00e9t\u00e9 ferm\u00e9e pour la circulation des personnes, a annonc\u00e9 samedi \u00e0 Nouakchott le minist\u00e8re mauritanien de l\u2019Int\u00e9rieur dans un communiqu\u00e9Cette fermeture motiv\u00e9e par la pr\u00e9vention de la propagation du coronavirus (Covid-19),\u00a0a \u00e9t\u00e9 d\u00e9cid\u00e9e d\u2019un \u00ab commun accord \u00bb\u00a0entre le pr\u00e9sident mauritanien Mohamed Ould Cheikh El Ghazouani et son homologue s\u00e9n\u00e9galais Macky Sall, a pr\u00e9cis\u00e9 le minist\u00e8re dans son communiqu\u00e9.<\/p>\n<p>Le texte ajoute\u00a0que la nouvelle mesure qui ne frappe pas les camions de transport des marchandises, entre en vigueur ce samedi.<\/p>\n<p>Les deux pays sont li\u00e9s par un passage fluvial \u00e0 travers le fleuve S\u00e9n\u00e9gal o\u00f9 la circulation est op\u00e9r\u00e9e au niveau de Rosso par un bac appartenant \u00e0 la Mauritanie et des pirogues, mais aussi par un passage terrestre au niveau du barrage de Diama.<\/p>\n<p>Du c\u00f4t\u00e9 de la Mauritanie, l\u2019arm\u00e9e, charg\u00e9e de mettre en application la d\u00e9cision, s\u2019est d\u00e9j\u00e0 d\u00e9ploy\u00e9e le long de la fronti\u00e8re.\u00a0<\/p>\n<p>La Mauritanie a d\u00e9j\u00e0 d\u00e9couvert deux cas de Covid-19 sur deux \u00e9trangers (un homme et une femme) fraichement arriv\u00e9s au pays.<\/p>\n<\/div>\n<p>Auteur: APA News<br \/>\n<a href=\"https:\/\/www.journalducameroun.com\/covid-19-fermeture-de-la-frontiere-mauritano-senegalaise\/\">Cliquez ici pour lire l&rsquo;article depuis sa source.<\/a><\/p>\n","protected":false},"excerpt":{"rendered":"<p>Publi\u00e9 le 21.03.2020 \u00e0 20h18 par APA News La fronti\u00e8re entre la Mauritanie et le S\u00e9n\u00e9gal a \u00e9t\u00e9 ferm\u00e9e pour la circulation des personnes, a annonc\u00e9 samedi \u00e0 Nouakchott le minist\u00e8re mauritanien de l\u2019Int\u00e9rieur dans un communiqu\u00e9Cette fermeture motiv\u00e9e par la pr\u00e9vention de la propagation du coronavirus (Covid-19),\u00a0a \u00e9t\u00e9 d\u00e9cid\u00e9e d\u2019un \u00ab commun accord \u00bb\u00a0entre [&hellip;]<\/p>\n","protected":false},"author":1965,"featured_media":0,"comment_status":"closed","ping_status":"closed","sticky":false,"template":"","format":"standard","meta":{"fifu_image_url":"","fifu_image_alt":"","footnotes":""},"categories":[73,82],"tags":[],"class_list":["post-79729","post","type-post","status-publish","format-standard","hentry","category-actualite","category-cameroun"],"_links":{"self":[{"href":"https:\/\/linitiative.ca\/International\/wp-json\/wp\/v2\/posts\/79729","targetHints":{"allow":["GET"]}}],"collection":[{"href":"https:\/\/linitiative.ca\/International\/wp-json\/wp\/v2\/posts"}],"about":[{"href":"https:\/\/linitiative.ca\/International\/wp-json\/wp\/v2\/types\/post"}],"author":[{"embeddable":true,"href":"https:\/\/linitiative.ca\/International\/wp-json\/wp\/v2\/users\/1965"}],"replies":[{"embeddable":true,"href":"https:\/\/linitiative.ca\/International\/wp-json\/wp\/v2\/comments?post=79729"}],"version-history":[{"count":0,"href":"https:\/\/linitiative.ca\/International\/wp-json\/wp\/v2\/posts\/79729\/revisions"}],"wp:attachment":[{"href":"https:\/\/linitiative.ca\/International\/wp-json\/wp\/v2\/media?parent=79729"}],"wp:term":[{"taxonomy":"category","embeddable":true,"href":"https:\/\/linitiative.ca\/International\/wp-json\/wp\/v2\/categories?post=79729"},{"taxonomy":"post_tag","embeddable":true,"href":"https:\/\/linitiative.ca\/International\/wp-json\/wp\/v2\/tags?post=79729"}],"curies":[{"name":"wp","href":"https:\/\/api.w.org\/{rel}","templated":true}]}}