{"id":79732,"date":"2020-03-21T16:18:04","date_gmt":"2020-03-21T20:18:04","guid":{"rendered":"https:\/\/linitiative.ca\/International\/covid-19-le-benin-maintient-ouverts-les-ecoles-colleges-et-universites-publics-et-prives\/"},"modified":"2020-03-21T16:18:04","modified_gmt":"2020-03-21T20:18:04","slug":"covid-19-le-benin-maintient-ouverts-les-ecoles-colleges-et-universites-publics-et-prives","status":"publish","type":"post","link":"https:\/\/linitiative.ca\/International\/covid-19-le-benin-maintient-ouverts-les-ecoles-colleges-et-universites-publics-et-prives\/","title":{"rendered":"Covid-19 : Le B\u00e9nin maintient ouverts les \u00e9coles, coll\u00e8ges et universit\u00e9s publics et priv\u00e9s"},"content":{"rendered":"<div readability=\"32\">\n<p>Publi\u00e9 le 21.03.2020 \u00e0 21h18 par APA News<\/p>\n<\/div>\n<div readability=\"56\">\n<p>Malgr\u00e9 la pand\u00e9mie du Covid-19 et la d\u00e9tection de deux cas au B\u00e9nin, \u00ab le Gouvernement a fait l\u2019option de maintenir ouvertes les portes de toutes les \u00e9coles, coll\u00e8ges, lyc\u00e9es et universit\u00e9s tant publics que priv\u00e9s \u00bb.C\u2019est un\u00a0avis\u00a0des ministres b\u00e9ninois de l\u2019\u00e9ducation\u00a0qui fait suite\u00a0\u00e0 un courrier du Directeur\u00a0National\u00a0de\u00a0l\u2019enseignement catholique du\u00a0B\u00e9nin qui a manifest\u00e9 la volont\u00e9 de fermer les \u00e9coles, coll\u00e8ges, lyc\u00e9es et universit\u00e9s catholiques\u00a0apr\u00e8s la d\u00e9tection\u00a0de sujets atteints\u00a0du\u00a0Covid-19.\u00a0<\/p>\n<p>\u00a0Selon l\u2019avis des ministres, \u00ab la prise d\u2019une d\u00e9cision d\u2019arr\u00eat des cours au profit d\u2019un groupe donn\u00e9 ou d\u2019une communaut\u00e9 se traduirait comme une d\u00e9cision s\u00e9lective et contraire aux principes qui fondent la constitution b\u00e9ninoise \u00bb.\u00a0Ils\u00a0estiment que \u00ab pour l\u2019heure, l\u2019urgence n\u2019est pas au confinement ou \u00e0 la mise en quarantaine de la population, d\u2019un groupe-cible ou d\u2019une communaut\u00e9 \u00bb.<\/p>\n<p>\u00a0Pour\u00a0rappel,\u00a0la F\u00e9d\u00e9ration Nationale des Associations des Parents d\u2019\u00c9l\u00e8ves et d\u2019\u00c9tudiants du B\u00e9nin (Fenapeb) avait adress\u00e9e, dans la journ\u00e9e du vendredi 20 mars, une dol\u00e9ance au gouvernement aux fins de \u00ab cong\u00e9dier pour deux semaines au moins les apprenants \u00bb car \u00ab l\u2019\u00e9cole est le v\u00e9ritable lieu d\u2019attroupements et partant donc le lieu de rapide contamination \u00bb du Covid-19.<\/p>\n<\/div>\n<p>Auteur: APA News<br \/>\n<a href=\"https:\/\/www.journalducameroun.com\/covid-19-le-benin-maintient-ouverts-les-ecoles-colleges-et-universites-publics-et-prives\/\">Cliquez ici pour lire l&rsquo;article depuis sa source.<\/a><\/p>\n","protected":false},"excerpt":{"rendered":"<p>Publi\u00e9 le 21.03.2020 \u00e0 21h18 par APA News Malgr\u00e9 la pand\u00e9mie du Covid-19 et la d\u00e9tection de deux cas au B\u00e9nin, \u00ab le Gouvernement a fait l\u2019option de maintenir ouvertes les portes de toutes les \u00e9coles, coll\u00e8ges, lyc\u00e9es et universit\u00e9s tant publics que priv\u00e9s \u00bb.C\u2019est un\u00a0avis\u00a0des ministres b\u00e9ninois de l\u2019\u00e9ducation\u00a0qui fait suite\u00a0\u00e0 un courrier du [&hellip;]<\/p>\n","protected":false},"author":1965,"featured_media":0,"comment_status":"closed","ping_status":"closed","sticky":false,"template":"","format":"standard","meta":{"fifu_image_url":"","fifu_image_alt":"","footnotes":""},"categories":[73,82],"tags":[],"class_list":["post-79732","post","type-post","status-publish","format-standard","hentry","category-actualite","category-cameroun"],"_links":{"self":[{"href":"https:\/\/linitiative.ca\/International\/wp-json\/wp\/v2\/posts\/79732","targetHints":{"allow":["GET"]}}],"collection":[{"href":"https:\/\/linitiative.ca\/International\/wp-json\/wp\/v2\/posts"}],"about":[{"href":"https:\/\/linitiative.ca\/International\/wp-json\/wp\/v2\/types\/post"}],"author":[{"embeddable":true,"href":"https:\/\/linitiative.ca\/International\/wp-json\/wp\/v2\/users\/1965"}],"replies":[{"embeddable":true,"href":"https:\/\/linitiative.ca\/International\/wp-json\/wp\/v2\/comments?post=79732"}],"version-history":[{"count":0,"href":"https:\/\/linitiative.ca\/International\/wp-json\/wp\/v2\/posts\/79732\/revisions"}],"wp:attachment":[{"href":"https:\/\/linitiative.ca\/International\/wp-json\/wp\/v2\/media?parent=79732"}],"wp:term":[{"taxonomy":"category","embeddable":true,"href":"https:\/\/linitiative.ca\/International\/wp-json\/wp\/v2\/categories?post=79732"},{"taxonomy":"post_tag","embeddable":true,"href":"https:\/\/linitiative.ca\/International\/wp-json\/wp\/v2\/tags?post=79732"}],"curies":[{"name":"wp","href":"https:\/\/api.w.org\/{rel}","templated":true}]}}