{"id":79733,"date":"2020-03-21T17:18:03","date_gmt":"2020-03-21T21:18:03","guid":{"rendered":"https:\/\/linitiative.ca\/International\/les-cas-confirmes-de-maladie-a-coronavirus-passent-de-14-a-17-en-cote-divoire-officiel\/"},"modified":"2020-03-21T17:18:03","modified_gmt":"2020-03-21T21:18:03","slug":"les-cas-confirmes-de-maladie-a-coronavirus-passent-de-14-a-17-en-cote-divoire-officiel","status":"publish","type":"post","link":"https:\/\/linitiative.ca\/International\/les-cas-confirmes-de-maladie-a-coronavirus-passent-de-14-a-17-en-cote-divoire-officiel\/","title":{"rendered":"Les cas confirm\u00e9s de maladie \u00e0 Coronavirus passent de 14 \u00e0 17  en C\u00f4te d\u2019Ivoire ( Officiel)"},"content":{"rendered":"<div readability=\"32\">\n<p>Publi\u00e9 le 21.03.2020 \u00e0 22h18 par APA News<\/p>\n<\/div>\n<div readability=\"63\">\n<p>Les cas confirm\u00e9s de maladie \u00e0 Coronavirus sont pass\u00e9s de 14 \u00e0 17 en C\u00f4te d\u2019Ivoire dont un cas gu\u00e9ri, a annonc\u00e9 samedi soir, Pr Mamadou Samba, le directeur g\u00e9n\u00e9ral de la sant\u00e9.\u00ab Aujourd\u2019hui nous sommes \u00e0 17 cas confirm\u00e9s. 16 qui sont en bonne sant\u00e9 (\u00e9tat stable) et un cas gu\u00e9ri. Nous avons eu trois nouveaux cas de vendredi \u00e0 samedi\u00bb, a indiqu\u00e9 M. Samba qui s\u2019exprimait sur les antennes de la premi\u00e8re cha\u00eene de t\u00e9l\u00e9vision de la Radiodiffusion t\u00e9l\u00e9vision ivoirienne (RTI, service public).\u00a0<\/p>\n<p>\u00ab Nous sommes dans une phase d\u2019\u00e9pid\u00e9mie, les cas vont appara\u00eetre de plus en plus. Pour cela, \u00a0le gouvernement a donn\u00e9 des mesures que nous devons respecter. Plus nous les respectons, plus nous avons moins de risque d\u2019avoir des cas\u00bb, a conseill\u00e9 le directeur g\u00e9n\u00e9ral de la sant\u00e9, soulignant \u00a0l\u2019efficacit\u00e9 de ces mesures pr\u00e9ventives.\u00a0<\/p>\n<p>Le gouvernement ivoirien a pris 13 mesures compl\u00e9mentaires dont \u00a0la fermeture des \u00e9coles pour un mois en vue de lutter contre la propagation de la maladie \u00e0 Coronavirus dans le pays.\u00a0<\/p>\n<p>Par ailleurs, vendredi soir, les autorit\u00e9s ivoiriennes \u00a0ont pris la d\u00e9cision de fermer toutes les fronti\u00e8res ivoiriennes ( \u00a0terrestres, a\u00e9riennes, maritimes) \u00e0 partir de dimanche \u00e0 minuit. A ce jour, la maladie \u00e0 Coronavirus a tu\u00e9 plus de 12 000 personnes dans le monde et fait plus 230.000 cas d\u2019infection.<\/p>\n<\/div>\n<p>Auteur: APA News<br \/>\n<a href=\"https:\/\/www.journalducameroun.com\/les-cas-confirmes-de-maladie-a-coronavirus-passent-de-14-a-17-en-cote-divoire-officiel\/\">Cliquez ici pour lire l&rsquo;article depuis sa source.<\/a><\/p>\n","protected":false},"excerpt":{"rendered":"<p>Publi\u00e9 le 21.03.2020 \u00e0 22h18 par APA News Les cas confirm\u00e9s de maladie \u00e0 Coronavirus sont pass\u00e9s de 14 \u00e0 17 en C\u00f4te d\u2019Ivoire dont un cas gu\u00e9ri, a annonc\u00e9 samedi soir, Pr Mamadou Samba, le directeur g\u00e9n\u00e9ral de la sant\u00e9.\u00ab Aujourd\u2019hui nous sommes \u00e0 17 cas confirm\u00e9s. 16 qui sont en bonne sant\u00e9 (\u00e9tat [&hellip;]<\/p>\n","protected":false},"author":1965,"featured_media":0,"comment_status":"closed","ping_status":"closed","sticky":false,"template":"","format":"standard","meta":{"fifu_image_url":"","fifu_image_alt":"","footnotes":""},"categories":[73,82],"tags":[],"class_list":["post-79733","post","type-post","status-publish","format-standard","hentry","category-actualite","category-cameroun"],"_links":{"self":[{"href":"https:\/\/linitiative.ca\/International\/wp-json\/wp\/v2\/posts\/79733","targetHints":{"allow":["GET"]}}],"collection":[{"href":"https:\/\/linitiative.ca\/International\/wp-json\/wp\/v2\/posts"}],"about":[{"href":"https:\/\/linitiative.ca\/International\/wp-json\/wp\/v2\/types\/post"}],"author":[{"embeddable":true,"href":"https:\/\/linitiative.ca\/International\/wp-json\/wp\/v2\/users\/1965"}],"replies":[{"embeddable":true,"href":"https:\/\/linitiative.ca\/International\/wp-json\/wp\/v2\/comments?post=79733"}],"version-history":[{"count":0,"href":"https:\/\/linitiative.ca\/International\/wp-json\/wp\/v2\/posts\/79733\/revisions"}],"wp:attachment":[{"href":"https:\/\/linitiative.ca\/International\/wp-json\/wp\/v2\/media?parent=79733"}],"wp:term":[{"taxonomy":"category","embeddable":true,"href":"https:\/\/linitiative.ca\/International\/wp-json\/wp\/v2\/categories?post=79733"},{"taxonomy":"post_tag","embeddable":true,"href":"https:\/\/linitiative.ca\/International\/wp-json\/wp\/v2\/tags?post=79733"}],"curies":[{"name":"wp","href":"https:\/\/api.w.org\/{rel}","templated":true}]}}