{"id":79734,"date":"2020-03-22T07:21:25","date_gmt":"2020-03-22T11:21:25","guid":{"rendered":"https:\/\/linitiative.ca\/International\/mobilite-en-urgence-sanitaire-renault-commerce-maroc-poursuit-ses-activites\/"},"modified":"2020-03-22T07:21:25","modified_gmt":"2020-03-22T11:21:25","slug":"mobilite-en-urgence-sanitaire-renault-commerce-maroc-poursuit-ses-activites","status":"publish","type":"post","link":"https:\/\/linitiative.ca\/International\/mobilite-en-urgence-sanitaire-renault-commerce-maroc-poursuit-ses-activites\/","title":{"rendered":"Mobilit\u00e9 en urgence sanitaire : Renault Commerce Maroc poursuit ses activit\u00e9s"},"content":{"rendered":"<header>\n<\/header>\n<div class=\"entry-content clearfix\" readability=\"45.7503692762\"><img decoding=\"async\" class=\"post_layout_5_img\" src=\"http:\/\/aujourdhui.ma\/wp-content\/uploads\/2019\/02\/Renault-Maroc.jpg?x29840\" alt=\"Mobilit&#xE9; en urgence sanitaire : Renault Commerce Maroc poursuit ses activit&#xE9;s\"\/><\/p>\n<p><span class=\"c4\"><strong>En cet \u00e9tat d\u2019urgence sanitaire, Renault Commerce Maroc et son r\u00e9seau de concessionnaires, pr\u00e9sents dans tout le Royaume, continuent \u00e0 assurer les besoins de mobilit\u00e9.<\/strong><\/span><span id=\"more-337841\"\/><\/p>\n<p>Des services destin\u00e9s notamment aux \u00abprofessions de sant\u00e9, services publics et entreprises continuant leurs activit\u00e9s\u00bb. \u00abPour l\u2019entretien et la r\u00e9paration de v\u00e9hicules des services publics et entreprises continuant leur activit\u00e9, les utilisateurs peuvent contacter le centre de relation client Renault Maroc au <strong>08 000 90 110<\/strong>.<\/p>\n<p>Les conseillers Renault &amp; Dacia seront disponibles pour guider les clients chaque jour de 8h \u00e0 22h ou par mail sur <span class=\"c5\"><strong><a href=\"\/cdn-cgi\/l\/email-protection\" class=\"__cf_email__\" data-cfemail=\"660b0908150314100f0503050a0f0308122614030807130a124805090b\">[email\u00a0protected]<\/a><\/strong><\/span>\u00bb, pr\u00e9cisent les initiateurs.<\/p>\n<\/div>\n<p>Auteur: ALM<br \/>\n<a href=\"http:\/\/aujourdhui.ma\/automobile\/mobilite-en-urgence-sanitaire-renault-commerce-maroc-poursuit-ses-activites\">Cliquez ici pour lire l&rsquo;article depuis sa source.<\/a><\/p>\n","protected":false},"excerpt":{"rendered":"<p>En cet \u00e9tat d\u2019urgence sanitaire, Renault Commerce Maroc et son r\u00e9seau de concessionnaires, pr\u00e9sents dans tout le Royaume, continuent \u00e0 assurer les besoins de mobilit\u00e9. Des services destin\u00e9s notamment aux \u00abprofessions de sant\u00e9, services publics et entreprises continuant leurs activit\u00e9s\u00bb. \u00abPour l\u2019entretien et la r\u00e9paration de v\u00e9hicules des services publics et entreprises continuant leur activit\u00e9, [&hellip;]<\/p>\n","protected":false},"author":1759,"featured_media":0,"comment_status":"closed","ping_status":"closed","sticky":false,"template":"","format":"standard","meta":{"fifu_image_url":"","fifu_image_alt":"","footnotes":""},"categories":[73,54],"tags":[],"class_list":["post-79734","post","type-post","status-publish","format-standard","hentry","category-actualite","category-maroc"],"_links":{"self":[{"href":"https:\/\/linitiative.ca\/International\/wp-json\/wp\/v2\/posts\/79734","targetHints":{"allow":["GET"]}}],"collection":[{"href":"https:\/\/linitiative.ca\/International\/wp-json\/wp\/v2\/posts"}],"about":[{"href":"https:\/\/linitiative.ca\/International\/wp-json\/wp\/v2\/types\/post"}],"author":[{"embeddable":true,"href":"https:\/\/linitiative.ca\/International\/wp-json\/wp\/v2\/users\/1759"}],"replies":[{"embeddable":true,"href":"https:\/\/linitiative.ca\/International\/wp-json\/wp\/v2\/comments?post=79734"}],"version-history":[{"count":0,"href":"https:\/\/linitiative.ca\/International\/wp-json\/wp\/v2\/posts\/79734\/revisions"}],"wp:attachment":[{"href":"https:\/\/linitiative.ca\/International\/wp-json\/wp\/v2\/media?parent=79734"}],"wp:term":[{"taxonomy":"category","embeddable":true,"href":"https:\/\/linitiative.ca\/International\/wp-json\/wp\/v2\/categories?post=79734"},{"taxonomy":"post_tag","embeddable":true,"href":"https:\/\/linitiative.ca\/International\/wp-json\/wp\/v2\/tags?post=79734"}],"curies":[{"name":"wp","href":"https:\/\/api.w.org\/{rel}","templated":true}]}}