{"id":79735,"date":"2020-03-22T08:25:48","date_gmt":"2020-03-22T12:25:48","guid":{"rendered":"https:\/\/linitiative.ca\/International\/fonds-special-une-double-contribution-du-groupe-al-omrane\/"},"modified":"2020-03-22T08:25:48","modified_gmt":"2020-03-22T12:25:48","slug":"fonds-special-une-double-contribution-du-groupe-al-omrane","status":"publish","type":"post","link":"https:\/\/linitiative.ca\/International\/fonds-special-une-double-contribution-du-groupe-al-omrane\/","title":{"rendered":"Fonds sp\u00e9cial : Une double contribution du Groupe Al Omrane"},"content":{"rendered":"<header>\n<\/header>\n<div class=\"entry-content clearfix\" readability=\"49\"><img decoding=\"async\" class=\"post_layout_5_img\" src=\"http:\/\/aujourdhui.ma\/wp-content\/uploads\/2019\/07\/Siege-Alomrane-Rabat.jpg?x29840\" alt=\"Fonds sp&#xE9;cial : Une double contribution du Groupe Al Omrane\"\/><\/p>\n<p><span class=\"c4\"><strong>Les responsables du Groupe Al Omrane font don d\u2019un mois de salaire.<\/strong><\/span><span id=\"more-337850\"\/><\/p>\n<p>Il s\u2019agit du Pr\u00e9sident, des membres du directoire, des directeurs centraux et directeurs du Holding, des directeurs g\u00e9n\u00e9raux des filiales et directeurs g\u00e9n\u00e9raux adjoints et ce dans le but de contribuer au Fonds sp\u00e9cial d\u00e9di\u00e9 \u00e0 la gestion de la pand\u00e9mie de coronavirus.<br \/>Cette initiative s\u2019inscrit dans le cadre de la mobilisation nationale et en cons\u00e9cration des valeurs de solidarit\u00e9 dont font preuve les Marocains lors des crises et des moments exceptionnels.<\/p>\n<p>Cette contribution qui vient s\u2019ajouter au Don de 50 millions d\u00e9bloqu\u00e9 par le Groupe s\u2019inscrivant dans les principes de solidarit\u00e9 et de responsabilit\u00e9 nationale, conform\u00e9ment \u00e0 la vision et \u00e0 la volont\u00e9 de SM le Roi Mohammed VI.<br \/>Le pr\u00e9sident du Groupe Al Omrane a appel\u00e9, \u00e0 cet \u00e9gard, l\u2019ensemble des collaborateurs \u00e0 apporter leurs contributions, afin de perp\u00e9tuer ces valeurs de citoyennet\u00e9 et de solidarit\u00e9<\/p>\n<\/div>\n<p>Auteur: ALM<br \/>\n<a href=\"http:\/\/aujourdhui.ma\/actualite\/fonds-special-une-double-contribution-du-groupe-al-omrane\">Cliquez ici pour lire l&rsquo;article depuis sa source.<\/a><\/p>\n","protected":false},"excerpt":{"rendered":"<p>Les responsables du Groupe Al Omrane font don d\u2019un mois de salaire. Il s\u2019agit du Pr\u00e9sident, des membres du directoire, des directeurs centraux et directeurs du Holding, des directeurs g\u00e9n\u00e9raux des filiales et directeurs g\u00e9n\u00e9raux adjoints et ce dans le but de contribuer au Fonds sp\u00e9cial d\u00e9di\u00e9 \u00e0 la gestion de la pand\u00e9mie de coronavirus.Cette [&hellip;]<\/p>\n","protected":false},"author":1759,"featured_media":0,"comment_status":"closed","ping_status":"closed","sticky":false,"template":"","format":"standard","meta":{"fifu_image_url":"","fifu_image_alt":"","footnotes":""},"categories":[73,54],"tags":[],"class_list":["post-79735","post","type-post","status-publish","format-standard","hentry","category-actualite","category-maroc"],"_links":{"self":[{"href":"https:\/\/linitiative.ca\/International\/wp-json\/wp\/v2\/posts\/79735","targetHints":{"allow":["GET"]}}],"collection":[{"href":"https:\/\/linitiative.ca\/International\/wp-json\/wp\/v2\/posts"}],"about":[{"href":"https:\/\/linitiative.ca\/International\/wp-json\/wp\/v2\/types\/post"}],"author":[{"embeddable":true,"href":"https:\/\/linitiative.ca\/International\/wp-json\/wp\/v2\/users\/1759"}],"replies":[{"embeddable":true,"href":"https:\/\/linitiative.ca\/International\/wp-json\/wp\/v2\/comments?post=79735"}],"version-history":[{"count":0,"href":"https:\/\/linitiative.ca\/International\/wp-json\/wp\/v2\/posts\/79735\/revisions"}],"wp:attachment":[{"href":"https:\/\/linitiative.ca\/International\/wp-json\/wp\/v2\/media?parent=79735"}],"wp:term":[{"taxonomy":"category","embeddable":true,"href":"https:\/\/linitiative.ca\/International\/wp-json\/wp\/v2\/categories?post=79735"},{"taxonomy":"post_tag","embeddable":true,"href":"https:\/\/linitiative.ca\/International\/wp-json\/wp\/v2\/tags?post=79735"}],"curies":[{"name":"wp","href":"https:\/\/api.w.org\/{rel}","templated":true}]}}