{"id":79736,"date":"2020-03-22T09:22:14","date_gmt":"2020-03-22T13:22:14","guid":{"rendered":"https:\/\/linitiative.ca\/International\/coronavirus-lancement-dune-initiative-nationale-pour-lhebergement-des-sans-abris\/"},"modified":"2020-03-22T09:22:14","modified_gmt":"2020-03-22T13:22:14","slug":"coronavirus-lancement-dune-initiative-nationale-pour-lhebergement-des-sans-abris","status":"publish","type":"post","link":"https:\/\/linitiative.ca\/International\/coronavirus-lancement-dune-initiative-nationale-pour-lhebergement-des-sans-abris\/","title":{"rendered":"Coronavirus : Lancement d\u2019une initiative nationale pour l\u2019h\u00e9bergement des sans-abris"},"content":{"rendered":"<header>\n<\/header>\n<div class=\"entry-content clearfix\" readability=\"63\"><img decoding=\"async\" class=\"post_layout_5_img\" src=\"http:\/\/aujourdhui.ma\/wp-content\/uploads\/2017\/12\/Jamila-El-Moussali-intervenant-lors-d-une-journee-de-la-presse-de-la-4-eme-edition-de-la-Semaine-nationale-de-l-artisanat.jpg?x29840\" alt=\"Coronavirus : Lancement d&#x2019;une initiative nationale pour l&#x2019;h&#xE9;bergement des sans-abris\"\/><\/p>\n<p><span class=\"c4\"><strong>Pour prot\u00e9ger les sans-abris contre le risque du Coronavirus, le Minist\u00e8re de la solidarit\u00e9, du d\u00e9veloppement social, de l\u2019\u00e9galit\u00e9 et de la famille a proc\u00e9d\u00e9 au lancement d\u2019une initiative d\u2019h\u00e9bergement des personnes en situation de rue \u00e0 l\u2019\u00e9chelle nationale notamment \u00e0 Oujda, Inezgane, Agadir, Tanger, Casablanca, Rabat et K\u00e9nitra.<\/strong><\/span> <span id=\"more-337840\"\/><\/p>\n<p>Les actions men\u00e9es consistent \u00e0 placer ces personnes dans des espaces et centres d\u2019h\u00e9bergement. C\u2019est ce qu\u2019a confirm\u00e9 la ministre Jamila El Mossalli, dimanche, lors d\u2019une intervention radiophonique, pr\u00e9cisant que cette d\u00e9marche s\u2019inscrit dans le cadre des efforts d\u2019assistance sociale d\u00e9ploy\u00e9s par l\u2019Entraide Nationale en coordination avec les autorit\u00e9s locales, collectivit\u00e9s territoriales et soci\u00e9t\u00e9 civile. Se r\u00e9f\u00e9rant \u00e0 Mme El Mossalli, la mobilisation sur le terrain a permis \u00e0 59 personnes en situation de rue de rejoindre leurs familles et ce \u00e0 Casablanca, \u00e0 Rabat et \u00e0 Fkih Bensaleh.<\/p>\n<p>Le minist\u00e8re a, \u00e9galement, engag\u00e9 des proc\u00e9dures encourageant les r\u00e9sidents des institutions de protections sociales et maisons de retraite \u00e0 rejoindre, en ce moment, leurs proches s\u2019ils en disposent. Jamila Moussali a salu\u00e9 en cette occasion la mobilisation de tous les intervenants pour ouvrir des abris afin d\u2019accueillir les personnes en situation de rue. Rappelons que ces actions s\u2019inscrivent dans le cadre des mesures d\u2019urgence prises par le Maroc pour faire face \u00e0 la pand\u00e9mie du Coronavirus.<\/p>\n<\/div>\n<p>Auteur: ALM<br \/>\n<a href=\"http:\/\/aujourdhui.ma\/societe\/coronavirus-lancement-dune-initiative-nationale-pour-lhebergement-des-sans-abris\">Cliquez ici pour lire l&rsquo;article depuis sa source.<\/a><\/p>\n","protected":false},"excerpt":{"rendered":"<p>Pour prot\u00e9ger les sans-abris contre le risque du Coronavirus, le Minist\u00e8re de la solidarit\u00e9, du d\u00e9veloppement social, de l\u2019\u00e9galit\u00e9 et de la famille a proc\u00e9d\u00e9 au lancement d\u2019une initiative d\u2019h\u00e9bergement des personnes en situation de rue \u00e0 l\u2019\u00e9chelle nationale notamment \u00e0 Oujda, Inezgane, Agadir, Tanger, Casablanca, Rabat et K\u00e9nitra. Les actions men\u00e9es consistent \u00e0 placer [&hellip;]<\/p>\n","protected":false},"author":1759,"featured_media":0,"comment_status":"closed","ping_status":"closed","sticky":false,"template":"","format":"standard","meta":{"fifu_image_url":"","fifu_image_alt":"","footnotes":""},"categories":[73,54],"tags":[],"class_list":["post-79736","post","type-post","status-publish","format-standard","hentry","category-actualite","category-maroc"],"_links":{"self":[{"href":"https:\/\/linitiative.ca\/International\/wp-json\/wp\/v2\/posts\/79736","targetHints":{"allow":["GET"]}}],"collection":[{"href":"https:\/\/linitiative.ca\/International\/wp-json\/wp\/v2\/posts"}],"about":[{"href":"https:\/\/linitiative.ca\/International\/wp-json\/wp\/v2\/types\/post"}],"author":[{"embeddable":true,"href":"https:\/\/linitiative.ca\/International\/wp-json\/wp\/v2\/users\/1759"}],"replies":[{"embeddable":true,"href":"https:\/\/linitiative.ca\/International\/wp-json\/wp\/v2\/comments?post=79736"}],"version-history":[{"count":0,"href":"https:\/\/linitiative.ca\/International\/wp-json\/wp\/v2\/posts\/79736\/revisions"}],"wp:attachment":[{"href":"https:\/\/linitiative.ca\/International\/wp-json\/wp\/v2\/media?parent=79736"}],"wp:term":[{"taxonomy":"category","embeddable":true,"href":"https:\/\/linitiative.ca\/International\/wp-json\/wp\/v2\/categories?post=79736"},{"taxonomy":"post_tag","embeddable":true,"href":"https:\/\/linitiative.ca\/International\/wp-json\/wp\/v2\/tags?post=79736"}],"curies":[{"name":"wp","href":"https:\/\/api.w.org\/{rel}","templated":true}]}}