{"id":79737,"date":"2020-03-22T09:44:33","date_gmt":"2020-03-22T13:44:33","guid":{"rendered":"https:\/\/linitiative.ca\/International\/face-a-la-crise-sanitaire-actuelle-la-federation-du-commerce-et-services-lance-un-appel-de-solidarite\/"},"modified":"2020-03-22T09:44:33","modified_gmt":"2020-03-22T13:44:33","slug":"face-a-la-crise-sanitaire-actuelle-la-federation-du-commerce-et-services-lance-un-appel-de-solidarite","status":"publish","type":"post","link":"https:\/\/linitiative.ca\/International\/face-a-la-crise-sanitaire-actuelle-la-federation-du-commerce-et-services-lance-un-appel-de-solidarite\/","title":{"rendered":"Face \u00e0 la crise sanitaire actuelle : La f\u00e9d\u00e9ration du Commerce et Services lance un appel de solidarit\u00e9"},"content":{"rendered":"<header>\n<\/header>\n<div class=\"entry-content clearfix\" readability=\"58\"><img decoding=\"async\" class=\"post_layout_5_img\" src=\"http:\/\/aujourdhui.ma\/wp-content\/uploads\/2020\/03\/Bouchra-Outaghani-Fe\u0301de\u0301ration-du-Commerce-et-Services-FCS.jpg?x29840\" alt=\"Face &#xE0; la crise sanitaire actuelle : La f&#xE9;d&#xE9;ration du Commerce et Services lance un appel de solidarit&#xE9;\"\/><\/p>\n<p><span class=\"c4\"><strong>La f\u00e9d\u00e9ration du Commerce et Services lance un appel \u00e0 ses membres.<\/strong><\/span><span id=\"more-337858\"\/><\/p>\n<p>\u00abLa crise sanitaire actuelle interroge notre mod\u00e8le de croissance \u00e0 tout prix, et notre soci\u00e9t\u00e9 de consommation\u00bb, rel\u00e8ve <strong>Bouchra Outaghani<\/strong> la Pr\u00e9sidente de la F\u00e9d\u00e9ration du Commerce et Services ajoutant que face \u00e0 cette situation alarmante, la Maroc a adopt\u00e9, gr\u00e2ce \u00e0 l\u2019initiative de Sa Majest\u00e9 Mohamed VI, des mesures pr\u00e9ventives sans pr\u00e9c\u00e9dent par les secteurs et les institutions concern\u00e9s pour limiter la propagation du virus, et faire face \u00e0 ses cons\u00e9quences sanitaires, \u00e9conomiques et sociales.<\/p>\n<p>\u00ab Consid\u00e9rant cet \u00e9lan de solidarit\u00e9 nationale, nous sommes appel\u00e9s \u00e0 faire preuve de responsabilit\u00e9 inter-entreprises afin d\u2019att\u00e9nuer les cons\u00e9quences n\u00e9fastes sur la survie des petites et moyennes entreprises en adoptant des bons gestes quant \u00e0 la probl\u00e9matique des d\u00e9lais de paiement \u00bb, pr\u00e9cise-t-elle.<\/p>\n<p>Et de poursuivre : \u00ab Nous demandons aux entreprises et donneurs d\u2019ordre ayant une capacit\u00e9 financi\u00e8re confortable d\u2019honorer leur engagement en mati\u00e8re des prestations et travaux r\u00e9alis\u00e9s. Dans une telle situation, l\u2019objectif ultime est de limiter l\u2019impact sanitaire sur nos concitoyens, et faire en sorte que le plus grand nombre d\u2019emplois et d\u2019entreprises soient pr\u00e9serv\u00e9s en sortie de crise \u00bb.<\/p>\n<\/div>\n<p>Auteur: ALM<br \/>\n<a href=\"http:\/\/aujourdhui.ma\/economie\/face-a-la-crise-sanitaire-actuelle-la-federation-du-commerce-et-services-lance-un-appel-de-solidarite\">Cliquez ici pour lire l&rsquo;article depuis sa source.<\/a><\/p>\n","protected":false},"excerpt":{"rendered":"<p>La f\u00e9d\u00e9ration du Commerce et Services lance un appel \u00e0 ses membres. \u00abLa crise sanitaire actuelle interroge notre mod\u00e8le de croissance \u00e0 tout prix, et notre soci\u00e9t\u00e9 de consommation\u00bb, rel\u00e8ve Bouchra Outaghani la Pr\u00e9sidente de la F\u00e9d\u00e9ration du Commerce et Services ajoutant que face \u00e0 cette situation alarmante, la Maroc a adopt\u00e9, gr\u00e2ce \u00e0 l\u2019initiative [&hellip;]<\/p>\n","protected":false},"author":1759,"featured_media":0,"comment_status":"closed","ping_status":"closed","sticky":false,"template":"","format":"standard","meta":{"fifu_image_url":"","fifu_image_alt":"","footnotes":""},"categories":[73,54],"tags":[],"class_list":["post-79737","post","type-post","status-publish","format-standard","hentry","category-actualite","category-maroc"],"_links":{"self":[{"href":"https:\/\/linitiative.ca\/International\/wp-json\/wp\/v2\/posts\/79737","targetHints":{"allow":["GET"]}}],"collection":[{"href":"https:\/\/linitiative.ca\/International\/wp-json\/wp\/v2\/posts"}],"about":[{"href":"https:\/\/linitiative.ca\/International\/wp-json\/wp\/v2\/types\/post"}],"author":[{"embeddable":true,"href":"https:\/\/linitiative.ca\/International\/wp-json\/wp\/v2\/users\/1759"}],"replies":[{"embeddable":true,"href":"https:\/\/linitiative.ca\/International\/wp-json\/wp\/v2\/comments?post=79737"}],"version-history":[{"count":0,"href":"https:\/\/linitiative.ca\/International\/wp-json\/wp\/v2\/posts\/79737\/revisions"}],"wp:attachment":[{"href":"https:\/\/linitiative.ca\/International\/wp-json\/wp\/v2\/media?parent=79737"}],"wp:term":[{"taxonomy":"category","embeddable":true,"href":"https:\/\/linitiative.ca\/International\/wp-json\/wp\/v2\/categories?post=79737"},{"taxonomy":"post_tag","embeddable":true,"href":"https:\/\/linitiative.ca\/International\/wp-json\/wp\/v2\/tags?post=79737"}],"curies":[{"name":"wp","href":"https:\/\/api.w.org\/{rel}","templated":true}]}}