{"id":79744,"date":"2020-03-22T06:59:00","date_gmt":"2020-03-22T10:59:00","guid":{"rendered":"https:\/\/linitiative.ca\/International\/premier-cas-de-coronavirus-confirme\/"},"modified":"2020-03-22T06:59:00","modified_gmt":"2020-03-22T10:59:00","slug":"premier-cas-de-coronavirus-confirme","status":"publish","type":"post","link":"https:\/\/linitiative.ca\/International\/premier-cas-de-coronavirus-confirme\/","title":{"rendered":"Premier cas de Coronavirus confirm\u00e9"},"content":{"rendered":"<div id=\"originalText\" readability=\"40\">\n<p class=\"c6\">Un premier cas confirm\u00e9 de Coronavirus a \u00e9t\u00e9 enregistr\u00e9, aujourd&rsquo;hui, \u00e0 Constantine, ont affirm\u00e9 plusieurs sources CHU Ibn Badis de Constantine. Il s&rsquo;agit d&rsquo;une femme \u00e2g\u00e9e de 58 ans rentr\u00e9e de France, il y a une dizaine de jours, et plac\u00e9e en isolement. La patiente se trouve actuellement au service de r\u00e9animation du CHU de Constantine.<\/p>\n<p class=\"c7\"><strong>In\u00e8s BOUKHALFA<\/strong><\/p>\n<\/div>\n<div id=\"text_core\" readability=\"40\">\n<p class=\"c6\">Un premier cas confirm\u00e9 de Coronavirus a \u00e9t\u00e9 enregistr\u00e9, aujourd&rsquo;hui, \u00e0 Constantine, ont affirm\u00e9 plusieurs sources CHU Ibn Badis de Constantine. Il s&rsquo;agit d&rsquo;une femme \u00e2g\u00e9e de 58 ans rentr\u00e9e de France, il y a une dizaine de jours, et plac\u00e9e en isolement. La patiente se trouve actuellement au service de r\u00e9animation du CHU de Constantine.<\/p>\n<p class=\"c7\"><strong>In\u00e8s BOUKHALFA<\/strong><\/p>\n<\/div>\n<p>Auteur:<br \/>\n<a href=\"https:\/\/www.liberte-algerie.com\/actualite\/premier-cas-de-coronavirus-confirme-336385\">Cliquez ici pour lire l&rsquo;article depuis sa source.<\/a><\/p>\n","protected":false},"excerpt":{"rendered":"<p>Un premier cas confirm\u00e9 de Coronavirus a \u00e9t\u00e9 enregistr\u00e9, aujourd&rsquo;hui, \u00e0 Constantine, ont affirm\u00e9 plusieurs sources CHU Ibn Badis de Constantine. Il s&rsquo;agit d&rsquo;une femme \u00e2g\u00e9e de 58 ans rentr\u00e9e de France, il y a une dizaine de jours, et plac\u00e9e en isolement. La patiente se trouve actuellement au service de r\u00e9animation du CHU de [&hellip;]<\/p>\n","protected":false},"author":1742,"featured_media":0,"comment_status":"closed","ping_status":"closed","sticky":false,"template":"","format":"standard","meta":{"fifu_image_url":"","fifu_image_alt":"","footnotes":""},"categories":[73,53],"tags":[],"class_list":["post-79744","post","type-post","status-publish","format-standard","hentry","category-actualite","category-algerie"],"_links":{"self":[{"href":"https:\/\/linitiative.ca\/International\/wp-json\/wp\/v2\/posts\/79744","targetHints":{"allow":["GET"]}}],"collection":[{"href":"https:\/\/linitiative.ca\/International\/wp-json\/wp\/v2\/posts"}],"about":[{"href":"https:\/\/linitiative.ca\/International\/wp-json\/wp\/v2\/types\/post"}],"author":[{"embeddable":true,"href":"https:\/\/linitiative.ca\/International\/wp-json\/wp\/v2\/users\/1742"}],"replies":[{"embeddable":true,"href":"https:\/\/linitiative.ca\/International\/wp-json\/wp\/v2\/comments?post=79744"}],"version-history":[{"count":0,"href":"https:\/\/linitiative.ca\/International\/wp-json\/wp\/v2\/posts\/79744\/revisions"}],"wp:attachment":[{"href":"https:\/\/linitiative.ca\/International\/wp-json\/wp\/v2\/media?parent=79744"}],"wp:term":[{"taxonomy":"category","embeddable":true,"href":"https:\/\/linitiative.ca\/International\/wp-json\/wp\/v2\/categories?post=79744"},{"taxonomy":"post_tag","embeddable":true,"href":"https:\/\/linitiative.ca\/International\/wp-json\/wp\/v2\/tags?post=79744"}],"curies":[{"name":"wp","href":"https:\/\/api.w.org\/{rel}","templated":true}]}}