{"id":79749,"date":"2020-03-22T12:21:11","date_gmt":"2020-03-22T16:21:11","guid":{"rendered":"https:\/\/linitiative.ca\/International\/enseignement-lacces-gratuit-aux-sites-du-ministere\/"},"modified":"2020-03-22T12:21:11","modified_gmt":"2020-03-22T16:21:11","slug":"enseignement-lacces-gratuit-aux-sites-du-ministere","status":"publish","type":"post","link":"https:\/\/linitiative.ca\/International\/enseignement-lacces-gratuit-aux-sites-du-ministere\/","title":{"rendered":"Enseignement: L\u2019acc\u00e8s gratuit aux sites du minist\u00e8re"},"content":{"rendered":"<div class=\"single-featured\"><img alt=\"\" data-src=\"http:\/\/www.mapmarrakech.ma\/map\/uploads\/2020\/03\/enseignement.jpg\"\/><\/div>\n<div class=\"single-post-excerpt post-excerpt-bc\" readability=\"38\">\n<p>Rabat \u2013 Les trois soci\u00e9t\u00e9s de t\u00e9l\u00e9communications op\u00e9rant au Maroc ont d\u00e9cid\u00e9 d\u2019offrir temporairement \u00e0 titre gracieux l\u2019acc\u00e8s \u00e0 tous les sites et plateformes de \u00ab\u00a0l\u2019enseignement et la formation \u00e0 distance\u00a0\u00bb, mis en place par le minist\u00e8re de l\u2019\u00c9ducation nationale, de la formation professionnelle, de l\u2019enseignement sup\u00e9rieur et de la recherche scientifique.<\/p>\n<\/div>\n<div class=\"entry-content clearfix single-post-content\" readability=\"49\">\n<p>Cet acc\u00e8s gratuit dont b\u00e9n\u00e9ficient les \u00e9l\u00e8ves, les \u00e9tudiants et les stagiaires sera assur\u00e9 via les r\u00e9seaux internet fixes et mobiles de Maroc Telecom, Orange et Inwi, indique un communiqu\u00e9 conjoint du minist\u00e8re de l\u2019\u00c9ducation nationale, de la formation professionnelle, et du minist\u00e8re de l\u2019Industrie, du commerce, de l\u2019\u00c9conomie verte et num\u00e9rique, notant que la gratuit\u00e9 ne concerne pas la cha\u00eene \u00ab\u00a0Youtube\u00a0\u00bb.<\/p>\n<p>L\u2019initiative des trois soci\u00e9t\u00e9s s\u2019inscrit dans le cadre de la mobilisation nationale collective afin de lutter contre la propagation du coronavirus \u00ab\u00a0Covid-19\u00a0\u00bb au service de l\u2019int\u00e9r\u00eat g\u00e9n\u00e9ral qui implique la garantie d\u2019une continuit\u00e9 p\u00e9dagogique et de l\u2019apprentissage pour tous les apprenants dans les meilleures conditions, a-t-on soulign\u00e9.<\/p>\n<\/div>\n<p>Auteur: Meriem IGASS<br \/>\n<a href=\"http:\/\/www.mapmarrakech.ma\/fr\/enseignement-lacces-gratuit-aux-sites-du-ministere\/\">Cliquez ici pour lire l&rsquo;article depuis sa source.<\/a><\/p>\n","protected":false},"excerpt":{"rendered":"<p>Rabat \u2013 Les trois soci\u00e9t\u00e9s de t\u00e9l\u00e9communications op\u00e9rant au Maroc ont d\u00e9cid\u00e9 d\u2019offrir temporairement \u00e0 titre gracieux l\u2019acc\u00e8s \u00e0 tous les sites et plateformes de \u00ab\u00a0l\u2019enseignement et la formation \u00e0 distance\u00a0\u00bb, mis en place par le minist\u00e8re de l\u2019\u00c9ducation nationale, de la formation professionnelle, de l\u2019enseignement sup\u00e9rieur et de la recherche scientifique. Cet acc\u00e8s gratuit [&hellip;]<\/p>\n","protected":false},"author":1788,"featured_media":79750,"comment_status":"closed","ping_status":"closed","sticky":false,"template":"","format":"standard","meta":{"fifu_image_url":"","fifu_image_alt":"","footnotes":""},"categories":[54,76],"tags":[],"class_list":["post-79749","post","type-post","status-publish","format-standard","has-post-thumbnail","hentry","category-maroc","category-regions"],"_links":{"self":[{"href":"https:\/\/linitiative.ca\/International\/wp-json\/wp\/v2\/posts\/79749","targetHints":{"allow":["GET"]}}],"collection":[{"href":"https:\/\/linitiative.ca\/International\/wp-json\/wp\/v2\/posts"}],"about":[{"href":"https:\/\/linitiative.ca\/International\/wp-json\/wp\/v2\/types\/post"}],"author":[{"embeddable":true,"href":"https:\/\/linitiative.ca\/International\/wp-json\/wp\/v2\/users\/1788"}],"replies":[{"embeddable":true,"href":"https:\/\/linitiative.ca\/International\/wp-json\/wp\/v2\/comments?post=79749"}],"version-history":[{"count":0,"href":"https:\/\/linitiative.ca\/International\/wp-json\/wp\/v2\/posts\/79749\/revisions"}],"wp:featuredmedia":[{"embeddable":true,"href":"https:\/\/linitiative.ca\/International\/wp-json\/"}],"wp:attachment":[{"href":"https:\/\/linitiative.ca\/International\/wp-json\/wp\/v2\/media?parent=79749"}],"wp:term":[{"taxonomy":"category","embeddable":true,"href":"https:\/\/linitiative.ca\/International\/wp-json\/wp\/v2\/categories?post=79749"},{"taxonomy":"post_tag","embeddable":true,"href":"https:\/\/linitiative.ca\/International\/wp-json\/wp\/v2\/tags?post=79749"}],"curies":[{"name":"wp","href":"https:\/\/api.w.org\/{rel}","templated":true}]}}