{"id":79751,"date":"2020-03-22T12:53:48","date_gmt":"2020-03-22T16:53:48","guid":{"rendered":"https:\/\/linitiative.ca\/International\/nouvelles-mesures-pour-lacces-aux-services-administratifs\/"},"modified":"2020-03-22T12:53:48","modified_gmt":"2020-03-22T16:53:48","slug":"nouvelles-mesures-pour-lacces-aux-services-administratifs","status":"publish","type":"post","link":"https:\/\/linitiative.ca\/International\/nouvelles-mesures-pour-lacces-aux-services-administratifs\/","title":{"rendered":"Nouvelles mesures pour l\u2019acc\u00e8s aux services administratifs"},"content":{"rendered":"<div class=\"single-featured\"><img alt=\"\" data-src=\"http:\/\/www.mapmarrakech.ma\/map\/uploads\/2020\/03\/mesuresyoussoufia-copier.jpg\"\/><\/div>\n<div class=\"single-post-excerpt post-excerpt-bc\" readability=\"36\">\n<p>Youssoufia \u2013 La pr\u00e9fecture de la province de Youssoufia a annonc\u00e9 une batterie de nouvelles mesures pour recevoir les demandes des citoyens et faciliter l\u2019acc\u00e8s aux services administratifs et ce, suite \u00e0 l\u2019entr\u00e9e en vigueur de l\u2019\u00e9tat d\u2019urgence sanitaire et aux mesures pr\u00e9ventives prises par les pouvoirs publics pour faire face \u00e0 la pand\u00e9mie du nouveau coronavirus (Covid-19).<\/p>\n<\/div>\n<div class=\"entry-content clearfix single-post-content\" readability=\"54\">\n<p>Dans ce sens, il a \u00e9t\u00e9 proc\u00e9d\u00e9, au niveau du secr\u00e9tariat g\u00e9n\u00e9ral de la pr\u00e9fecture, \u00e0 la mise sur pied d\u2019une cellule qui sera \u00e0 la disposition des citoyennes et citoyens de la province.<\/p>\n<p>Cette cellule, indique un communiqu\u00e9 de la pr\u00e9fecture, veillera \u00e0 recevoir les demandes des citoyens, \u00e0 leur offrir les services administratifs \u00e0 distance, \u00e0 les orienter, \u00e0 leur prodiguer conseils et \u00e0 r\u00e9pondre \u00e0 leurs questions relatives aux missions et attributions d\u00e9volues aux services de l\u2019administration territoriale et ce, tout au long des jours et horaires de travail, du lundi au vendredi de 08H30 \u00e0 16H30.<\/p>\n<p>Et la m\u00eame source de souligner que la pr\u00e9fecture a mis en place, \u00e0 cet effet, un num\u00e9ro de t\u00e9l\u00e9phone direct (05.24.64.90.36) ainsi qu\u2019une adresse \u00e9lectronique: info.provinceyoussoufia@gmail.com.<\/p>\n<\/div>\n<p>Auteur: Meriem IGASS<br \/>\n<a href=\"http:\/\/www.mapmarrakech.ma\/fr\/nouvelles-mesures-pour-lacces-aux-services-administratifs\/\">Cliquez ici pour lire l&rsquo;article depuis sa source.<\/a><\/p>\n","protected":false},"excerpt":{"rendered":"<p>Youssoufia \u2013 La pr\u00e9fecture de la province de Youssoufia a annonc\u00e9 une batterie de nouvelles mesures pour recevoir les demandes des citoyens et faciliter l\u2019acc\u00e8s aux services administratifs et ce, suite \u00e0 l\u2019entr\u00e9e en vigueur de l\u2019\u00e9tat d\u2019urgence sanitaire et aux mesures pr\u00e9ventives prises par les pouvoirs publics pour faire face \u00e0 la pand\u00e9mie du [&hellip;]<\/p>\n","protected":false},"author":1788,"featured_media":79752,"comment_status":"closed","ping_status":"closed","sticky":false,"template":"","format":"standard","meta":{"fifu_image_url":"","fifu_image_alt":"","footnotes":""},"categories":[54,76],"tags":[],"class_list":["post-79751","post","type-post","status-publish","format-standard","has-post-thumbnail","hentry","category-maroc","category-regions"],"_links":{"self":[{"href":"https:\/\/linitiative.ca\/International\/wp-json\/wp\/v2\/posts\/79751","targetHints":{"allow":["GET"]}}],"collection":[{"href":"https:\/\/linitiative.ca\/International\/wp-json\/wp\/v2\/posts"}],"about":[{"href":"https:\/\/linitiative.ca\/International\/wp-json\/wp\/v2\/types\/post"}],"author":[{"embeddable":true,"href":"https:\/\/linitiative.ca\/International\/wp-json\/wp\/v2\/users\/1788"}],"replies":[{"embeddable":true,"href":"https:\/\/linitiative.ca\/International\/wp-json\/wp\/v2\/comments?post=79751"}],"version-history":[{"count":0,"href":"https:\/\/linitiative.ca\/International\/wp-json\/wp\/v2\/posts\/79751\/revisions"}],"wp:featuredmedia":[{"embeddable":true,"href":"https:\/\/linitiative.ca\/International\/wp-json\/"}],"wp:attachment":[{"href":"https:\/\/linitiative.ca\/International\/wp-json\/wp\/v2\/media?parent=79751"}],"wp:term":[{"taxonomy":"category","embeddable":true,"href":"https:\/\/linitiative.ca\/International\/wp-json\/wp\/v2\/categories?post=79751"},{"taxonomy":"post_tag","embeddable":true,"href":"https:\/\/linitiative.ca\/International\/wp-json\/wp\/v2\/tags?post=79751"}],"curies":[{"name":"wp","href":"https:\/\/api.w.org\/{rel}","templated":true}]}}