{"id":79753,"date":"2020-03-22T13:47:02","date_gmt":"2020-03-22T17:47:02","guid":{"rendered":"https:\/\/linitiative.ca\/International\/les-populations-locales-appeles-au-respect-des-mesures-preventives\/"},"modified":"2020-03-22T13:47:02","modified_gmt":"2020-03-22T17:47:02","slug":"les-populations-locales-appeles-au-respect-des-mesures-preventives","status":"publish","type":"post","link":"https:\/\/linitiative.ca\/International\/les-populations-locales-appeles-au-respect-des-mesures-preventives\/","title":{"rendered":"Les populations locales appel\u00e9s au respect des mesures pr\u00e9ventives"},"content":{"rendered":"<div readability=\"43\">\n<p>Benguerir (province de Rehamna) \u2013 Le d\u00e9l\u00e9gu\u00e9 provincial de la sant\u00e9 \u00e0 Rehamna, Kamal El Yansali, a appel\u00e9, samedi \u00e0 Bengu\u00e9rir, les populations locales \u00e0 respecter, scrupuleusement, les proc\u00e9dures, les mesures et consignes adopt\u00e9es \u00e0 l\u2019\u00e9chelle nationale, dans le but d\u2019enrayer la propagation de la pand\u00e9mie du nouveau coronavirus (Covid-19).<\/p>\n<\/div>\n<div readability=\"84\">\n<p>S\u2019exprimant lors d\u2019une conf\u00e9rence de presse tenue \u00e0 l\u2019h\u00f4pital provincial de Rehamna, M. El Yansali a insist\u00e9 sur la n\u00e9cessit\u00e9 pour les populations locales d\u2019\u00e9viter la promiscuit\u00e9, les rassemblements, et de se serrer les mains, tout en les exhortant \u00e0 se conformer aux r\u00e8gles d\u2019hygi\u00e8ne et aux consignes pr\u00e9ventives d\u00e9cr\u00e9t\u00e9es par les autorit\u00e9s comp\u00e9tentes.<\/p>\n<p>Dans ce sens, il a appel\u00e9 les citoyens \u00e0 rester chez eux et \u00e0 se renseigner aupr\u00e8s des sources officielles en vue de lutter contre les fake-news qui induisent en erreur et s\u00e8ment la panique.<\/p>\n<p>Apr\u00e8s avoir indiqu\u00e9 que la province de Rehamna n\u2019a enregistr\u00e9 jusqu\u2019\u00e0 pr\u00e9sent aucun cas positif de coronavirus, M. El Yansali, a fait savoir que la cellule de veille relevant de ladite D\u00e9l\u00e9gation suit de pr\u00e8s et de mani\u00e8re r\u00e9guli\u00e8re et permanente, la situation \u00e9pid\u00e9miologique au niveau de cette province.<\/p>\n<p>Par ailleurs, il a fait savoir que la d\u00e9l\u00e9gation agit selon un plan d\u2019action bien d\u00e9fini \u00e0 travers des campagnes de d\u00e9sinfection et de st\u00e9rilisation quotidienne de l\u2019h\u00f4pital provincial, des centres sanitaires urbains et en milieu rural, ainsi que des \u00e9tablissements vitaux de la province.<\/p>\n<p>Dans ce contexte, M. El Yansali a mis en relief les efforts consentis par la Province, les cadres m\u00e9dicaux et param\u00e9dicaux ainsi que par les autres intervenants, dont les autorit\u00e9s locales, la soci\u00e9t\u00e9 civile et les acteurs institutionnels, tels que le Groupe OCP, afin de renforcer l\u2019offre m\u00e9dicale au niveau provincial et juguler la propagation de la pand\u00e9mie du coronavirus.<\/p>\n<p>Auparavant, une visite a \u00e9t\u00e9 effectu\u00e9e au Pavillon mis en place par l\u2019h\u00f4pital provincial pour la prise en charge d\u2019\u00e9ventuels cas atteints par le Covid-19.<\/p>\n<p>Ce pavillon comporte 06 salles, dont deux \u00e9quip\u00e9es d\u2019appareils et mat\u00e9riels de pointe pour les cas n\u00e9cessitant des soins intensifs et l\u2019isolement sous la supervision d\u2019un staff m\u00e9dical et param\u00e9dical compl\u00e9mentaire.<\/p>\n<p>En plus de ces \u00e9quipements m\u00e9dicaux, M. El Yansali a indiqu\u00e9 que la D\u00e9l\u00e9gation provinciale de la Sant\u00e9 a mobilis\u00e9 deux ambulances \u00e9quip\u00e9es des moyens sophistiqu\u00e9s n\u00e9cessaires afin de g\u00e9rer au mieux cette pand\u00e9mie.<\/p>\n<\/div>\n<p>Auteur: Meriem IGASS<br \/>\n<a href=\"http:\/\/www.mapmarrakech.ma\/fr\/les-populations-locales-appeles-au-respect-des-mesures-preventives\/\">Cliquez ici pour lire l&rsquo;article depuis sa source.<\/a><\/p>\n","protected":false},"excerpt":{"rendered":"<p>Benguerir (province de Rehamna) \u2013 Le d\u00e9l\u00e9gu\u00e9 provincial de la sant\u00e9 \u00e0 Rehamna, Kamal El Yansali, a appel\u00e9, samedi \u00e0 Bengu\u00e9rir, les populations locales \u00e0 respecter, scrupuleusement, les proc\u00e9dures, les mesures et consignes adopt\u00e9es \u00e0 l\u2019\u00e9chelle nationale, dans le but d\u2019enrayer la propagation de la pand\u00e9mie du nouveau coronavirus (Covid-19). S\u2019exprimant lors d\u2019une conf\u00e9rence de [&hellip;]<\/p>\n","protected":false},"author":1788,"featured_media":0,"comment_status":"closed","ping_status":"closed","sticky":false,"template":"","format":"standard","meta":{"fifu_image_url":"","fifu_image_alt":"","footnotes":""},"categories":[54,76],"tags":[],"class_list":["post-79753","post","type-post","status-publish","format-standard","hentry","category-maroc","category-regions"],"_links":{"self":[{"href":"https:\/\/linitiative.ca\/International\/wp-json\/wp\/v2\/posts\/79753","targetHints":{"allow":["GET"]}}],"collection":[{"href":"https:\/\/linitiative.ca\/International\/wp-json\/wp\/v2\/posts"}],"about":[{"href":"https:\/\/linitiative.ca\/International\/wp-json\/wp\/v2\/types\/post"}],"author":[{"embeddable":true,"href":"https:\/\/linitiative.ca\/International\/wp-json\/wp\/v2\/users\/1788"}],"replies":[{"embeddable":true,"href":"https:\/\/linitiative.ca\/International\/wp-json\/wp\/v2\/comments?post=79753"}],"version-history":[{"count":0,"href":"https:\/\/linitiative.ca\/International\/wp-json\/wp\/v2\/posts\/79753\/revisions"}],"wp:attachment":[{"href":"https:\/\/linitiative.ca\/International\/wp-json\/wp\/v2\/media?parent=79753"}],"wp:term":[{"taxonomy":"category","embeddable":true,"href":"https:\/\/linitiative.ca\/International\/wp-json\/wp\/v2\/categories?post=79753"},{"taxonomy":"post_tag","embeddable":true,"href":"https:\/\/linitiative.ca\/International\/wp-json\/wp\/v2\/tags?post=79753"}],"curies":[{"name":"wp","href":"https:\/\/api.w.org\/{rel}","templated":true}]}}