{"id":79756,"date":"2020-03-22T14:17:24","date_gmt":"2020-03-22T18:17:24","guid":{"rendered":"https:\/\/linitiative.ca\/International\/commerce-le-conseil-communal-fixe-des-horaires-de-travail\/"},"modified":"2020-03-22T14:17:24","modified_gmt":"2020-03-22T18:17:24","slug":"commerce-le-conseil-communal-fixe-des-horaires-de-travail","status":"publish","type":"post","link":"https:\/\/linitiative.ca\/International\/commerce-le-conseil-communal-fixe-des-horaires-de-travail\/","title":{"rendered":"Commerce: Le conseil communal fixe des horaires de travail"},"content":{"rendered":"<div class=\"single-featured\"><img alt=\"\" data-src=\"http:\/\/www.mapmarrakech.ma\/map\/uploads\/2020\/03\/horairescommerces-Essaouira-copier.jpg\"\/><\/div>\n<div class=\"single-post-excerpt post-excerpt-bc\" readability=\"35\">\n<p>Essaouira \u2013 Le conseil communal d\u2019Essaouira a fix\u00e9 de nouveaux horaires pour l\u2019ouverture et la fermeture des locaux de commerce et de ceux d\u00e9di\u00e9s aux services, ainsi que pour les marchands ambulants et les lieux autoris\u00e9s \u00e0 ouvrir pendant la dur\u00e9e de l\u2019\u00e9tat d\u2019urgence sanitaire.<\/p>\n<\/div>\n<div class=\"entry-content clearfix single-post-content\" readability=\"47\">\n<p>Ainsi, ces locaux seront autoris\u00e9s \u00e0 exercer leurs activit\u00e9s de 06H00 jusqu\u2019\u00e0 18H00.<\/p>\n<p>L\u2019ex\u00e9cution de cette d\u00e9cision sera confi\u00e9e aux autorit\u00e9s locales et aux services de la s\u00fbret\u00e9 nationale, de la police administrative et de la commune d\u2019Essaouira, chacun dans la circonscription relevant de son ressort.<\/p>\n<p>Cette d\u00e9cision, qui s\u2019inscrit dans le cadre de l\u2019\u00e9lan de mobilisation g\u00e9n\u00e9rale auquel ont adh\u00e9r\u00e9 toutes les institutions de l\u2019Etat, intervient dans le sillage des directives des autorit\u00e9s comp\u00e9tentes et suite \u00e0 l\u2019approche proactive mise en place afin de faire face au nouveau coronavirus (Covid-19), d\u2019enrayer sa propagation et de garantir la s\u00e9curit\u00e9 sanitaire de l\u2019ensemble des citoyennes et citoyens.<\/p>\n<\/div>\n<p>Auteur: Meriem IGASS<br \/>\n<a href=\"http:\/\/www.mapmarrakech.ma\/fr\/commerce-le-conseil-communal-fixe-des-horaires-de-travail\/\">Cliquez ici pour lire l&rsquo;article depuis sa source.<\/a><\/p>\n","protected":false},"excerpt":{"rendered":"<p>Essaouira \u2013 Le conseil communal d\u2019Essaouira a fix\u00e9 de nouveaux horaires pour l\u2019ouverture et la fermeture des locaux de commerce et de ceux d\u00e9di\u00e9s aux services, ainsi que pour les marchands ambulants et les lieux autoris\u00e9s \u00e0 ouvrir pendant la dur\u00e9e de l\u2019\u00e9tat d\u2019urgence sanitaire. Ainsi, ces locaux seront autoris\u00e9s \u00e0 exercer leurs activit\u00e9s de [&hellip;]<\/p>\n","protected":false},"author":1788,"featured_media":79757,"comment_status":"closed","ping_status":"closed","sticky":false,"template":"","format":"standard","meta":{"fifu_image_url":"","fifu_image_alt":"","footnotes":""},"categories":[54,76],"tags":[],"class_list":["post-79756","post","type-post","status-publish","format-standard","has-post-thumbnail","hentry","category-maroc","category-regions"],"_links":{"self":[{"href":"https:\/\/linitiative.ca\/International\/wp-json\/wp\/v2\/posts\/79756","targetHints":{"allow":["GET"]}}],"collection":[{"href":"https:\/\/linitiative.ca\/International\/wp-json\/wp\/v2\/posts"}],"about":[{"href":"https:\/\/linitiative.ca\/International\/wp-json\/wp\/v2\/types\/post"}],"author":[{"embeddable":true,"href":"https:\/\/linitiative.ca\/International\/wp-json\/wp\/v2\/users\/1788"}],"replies":[{"embeddable":true,"href":"https:\/\/linitiative.ca\/International\/wp-json\/wp\/v2\/comments?post=79756"}],"version-history":[{"count":0,"href":"https:\/\/linitiative.ca\/International\/wp-json\/wp\/v2\/posts\/79756\/revisions"}],"wp:featuredmedia":[{"embeddable":true,"href":"https:\/\/linitiative.ca\/International\/wp-json\/"}],"wp:attachment":[{"href":"https:\/\/linitiative.ca\/International\/wp-json\/wp\/v2\/media?parent=79756"}],"wp:term":[{"taxonomy":"category","embeddable":true,"href":"https:\/\/linitiative.ca\/International\/wp-json\/wp\/v2\/categories?post=79756"},{"taxonomy":"post_tag","embeddable":true,"href":"https:\/\/linitiative.ca\/International\/wp-json\/wp\/v2\/tags?post=79756"}],"curies":[{"name":"wp","href":"https:\/\/api.w.org\/{rel}","templated":true}]}}