{"id":79760,"date":"2020-03-22T10:43:03","date_gmt":"2020-03-22T14:43:03","guid":{"rendered":"https:\/\/linitiative.ca\/International\/el-tarf-saisie-a-drean-de-2192-unites-de-produits-de-sante-et-paramedicaux-destines-a-la-speculation\/"},"modified":"2020-03-22T10:43:03","modified_gmt":"2020-03-22T14:43:03","slug":"el-tarf-saisie-a-drean-de-2192-unites-de-produits-de-sante-et-paramedicaux-destines-a-la-speculation","status":"publish","type":"post","link":"https:\/\/linitiative.ca\/International\/el-tarf-saisie-a-drean-de-2192-unites-de-produits-de-sante-et-paramedicaux-destines-a-la-speculation\/","title":{"rendered":"El Tarf: saisie \u00e0 Dr\u00e9an de 2192 unit\u00e9s de produits de sant\u00e9 et param\u00e9dicaux destin\u00e9s \u00e0 la sp\u00e9culation"},"content":{"rendered":"<div>\n<div class=\"K2FeedIntroText\">\n<p><strong>El TARF- Une quantit&eacute; de 2.192 unit&eacute;s de produits de sant&eacute; et param&eacute;dicaux (bavettes et gants), destin&eacute;s &agrave; la sp&eacute;culation a &eacute;t&eacute; saisie, samedi soir, dans un commerce &agrave; Dr&eacute;an ville, dans la wilaya d&rsquo;El Tarf,&nbsp; a-t-on appris, dimanche, aupr&egrave;s du charg&eacute; de la communication &agrave; la suret&eacute; de wilaya.<\/strong><\/p>\n<\/div>\n<div class=\"K2FeedFullText\">\n<p>La saisie a &eacute;t&eacute; effectu&eacute;e lors d&rsquo;une op&eacute;ration de contr&ocirc;le inopin&eacute;e, men&eacute;e par les &eacute;l&eacute;ments de&nbsp;&nbsp; la suret&eacute; de la da&iuml;ra de Dr&eacute;an, a pr&eacute;cis&eacute; le commissaire principal, Mohamed- Karim Labidi relevant que la marchandise &eacute;tait propos&eacute;e &agrave; des prix \u00ab\u00a0sp&eacute;culatifs\u00a0\u00bb aux consommateurs en qu&ecirc;te de produits de sant&eacute; et param&eacute;dicaux pour se prot&eacute;ger du coronavirus.<\/p>\n<p>Un dossier judiciaire, &eacute;labor&eacute; &agrave; l&rsquo;encontre de ce commer&ccedil;ant, a &eacute;t&eacute; transmis &agrave; la justice devant laquelle ce contrevenant aura &agrave; r&eacute;pondre du chef d&rsquo;inculpation de \u00ab\u00a0vente sp&eacute;culative\u00a0\u00bb et \u00ab\u00a0vente de produits sans&nbsp;registre de commerce\u00a0\u00bb, a-t-on conclu.<\/p>\n<p>&nbsp;<\/p>\n<\/div>\n<\/div>\n<p>Auteur:<br \/>\n<a href=\"http:\/\/www.aps.dz\/regions\/103319-el-tarf-saisie-a-drean-de-2192-unites-de-produits-de-sante-et-paramedicaux-destines-a-la-speculation\">Cliquez ici pour lire l&rsquo;article depuis sa source.<\/a><\/p>\n","protected":false},"excerpt":{"rendered":"<p>El TARF- Une quantit&eacute; de 2.192 unit&eacute;s de produits de sant&eacute; et param&eacute;dicaux (bavettes et gants), destin&eacute;s &agrave; la sp&eacute;culation a &eacute;t&eacute; saisie, samedi soir, dans un commerce &agrave; Dr&eacute;an ville, dans la wilaya d&rsquo;El Tarf,&nbsp; a-t-on appris, dimanche, aupr&egrave;s du charg&eacute; de la communication &agrave; la suret&eacute; de wilaya. La saisie a &eacute;t&eacute; effectu&eacute;e [&hellip;]<\/p>\n","protected":false},"author":1790,"featured_media":0,"comment_status":"closed","ping_status":"closed","sticky":false,"template":"","format":"standard","meta":{"fifu_image_url":"","fifu_image_alt":"","footnotes":""},"categories":[53,76],"tags":[],"class_list":["post-79760","post","type-post","status-publish","format-standard","hentry","category-algerie","category-regions"],"_links":{"self":[{"href":"https:\/\/linitiative.ca\/International\/wp-json\/wp\/v2\/posts\/79760","targetHints":{"allow":["GET"]}}],"collection":[{"href":"https:\/\/linitiative.ca\/International\/wp-json\/wp\/v2\/posts"}],"about":[{"href":"https:\/\/linitiative.ca\/International\/wp-json\/wp\/v2\/types\/post"}],"author":[{"embeddable":true,"href":"https:\/\/linitiative.ca\/International\/wp-json\/wp\/v2\/users\/1790"}],"replies":[{"embeddable":true,"href":"https:\/\/linitiative.ca\/International\/wp-json\/wp\/v2\/comments?post=79760"}],"version-history":[{"count":0,"href":"https:\/\/linitiative.ca\/International\/wp-json\/wp\/v2\/posts\/79760\/revisions"}],"wp:attachment":[{"href":"https:\/\/linitiative.ca\/International\/wp-json\/wp\/v2\/media?parent=79760"}],"wp:term":[{"taxonomy":"category","embeddable":true,"href":"https:\/\/linitiative.ca\/International\/wp-json\/wp\/v2\/categories?post=79760"},{"taxonomy":"post_tag","embeddable":true,"href":"https:\/\/linitiative.ca\/International\/wp-json\/wp\/v2\/tags?post=79760"}],"curies":[{"name":"wp","href":"https:\/\/api.w.org\/{rel}","templated":true}]}}