{"id":79761,"date":"2020-03-22T10:54:54","date_gmt":"2020-03-22T14:54:54","guid":{"rendered":"https:\/\/linitiative.ca\/International\/oran-des-actions-pour-prendre-en-charge-les-sans-abri-face-au-coronavirus\/"},"modified":"2020-03-22T10:54:54","modified_gmt":"2020-03-22T14:54:54","slug":"oran-des-actions-pour-prendre-en-charge-les-sans-abri-face-au-coronavirus","status":"publish","type":"post","link":"https:\/\/linitiative.ca\/International\/oran-des-actions-pour-prendre-en-charge-les-sans-abri-face-au-coronavirus\/","title":{"rendered":"Oran: des actions pour prendre en charge les sans-abri face au Coronavirus"},"content":{"rendered":"<div readability=\"34\">\n<p><strong>ORAN-Des organismes et des associations \u00e0 caract\u00e8re social et humanitaire multiplient leurs actions pour prendre en charge les personnes sans-abri de la ville d&rsquo;Oran face \u00e0 la menace de l\u2019\u00e9pid\u00e9mie du\u00a0Coronavirus.<\/strong><\/p>\n<\/div>\n<div readability=\"80\">\n<p>Dans ce cadre, le directeur de wilaya de l&rsquo;action sociale, Fadala Mohamed a assur\u00e9 que cette frange de la soci\u00e9t\u00e9 est prise en charge tout au long de l&rsquo;ann\u00e9e et de mani\u00e8re r\u00e9guli\u00e8re afin que ces personnes soient rassembl\u00e9es et transf\u00e9r\u00e9es par des agents de protection civile et des \u00e9l\u00e9ments de police, au centre d\u2019accueil situ\u00e9 dans le quartier de Ha\u00ef Mahiedine (ex-Eckhmul).<\/p>\n<p>\u00ab\u00a0Toutefois, ces personnes sans-abri n\u2019appr\u00e9cient pas de rester dans ce lieu car pr\u00e9f\u00e9rant vivre en dehors des clos et nous ne pouvons pas les forcer \u00e0 rester\u00a0\u00bb, a-t-il d\u00e9plor\u00e9.<\/p>\n<blockquote readability=\"8\">\n<p><em><strong>M.Fadala a estim\u00e9 que \u00ab\u00a0cette frange est moins expos\u00e9e au risque d\u2019infection car ces personnes vivent isol\u00e9ment et n\u2019ont pas de contacts directs avec la population, ce qui r\u00e9duit les risques de contamination\u00a0\u00bb.<\/strong><\/em><\/p>\n<\/blockquote>\n<p>\u00ab\u00a0Toutefois, toutes les pr\u00e9cautions pr\u00e9ventives n\u00e9cessaires ont \u00e9t\u00e9 prises et en cas de suspicion d\u2019une maladie, la personne concern\u00e9e est dirig\u00e9e vers un \u00e9tablissement sanitaire par les personnels du centre.<\/p>\n<p>Un comit\u00e9 compos\u00e9 de repr\u00e9sentants des secteurs de la sant\u00e9, de l\u2019action sociale, de la protection civile et du Croissant-Rouge alg\u00e9rien, \u00ab\u00a0veille sur cette cat\u00e9gorie vuln\u00e9rable\u00a0\u00bb a-t-il indiqu\u00e9, ajoutant que le centre qui les h\u00e9berge est d\u00e9sinfect\u00e9 quotidiennement et tous les moyens de protection sont distribu\u00e9s aux personnels de cette structure sociale.<\/p>\n<blockquote readability=\"14\">\n<p><em><strong>Pour sa part, le comit\u00e9 de wilaya du CRA a distribu\u00e9 des masques aux personnes sans-abri dans le cadre des mesures de pr\u00e9vention contre le Coronavirus. \u00ab\u00a0Cependant, ces moyens restent insuffisants\u00a0\u00bb, a d\u00e9plor\u00e9 le responsable du comit\u00e9, Larbi Benmoussa. Celui-ci a lanc\u00e9 un appel aux dons de bavettes, de savon liquide, de gel hydro-alcoolis\u00e9 et des gants en latex en vue de les distribuer \u00e0 cette cat\u00e9gorie et aux b\u00e9n\u00e9voles du CRA.<\/strong><\/em><\/p>\n<\/blockquote>\n<p>Il a \u00e9galement appel\u00e9 les autorit\u00e9s locales \u00e0 mobiliser les moyens n\u00e9cessaires pour assurer l\u2019h\u00e9bergement des sans domicile et renforcer les moyens du centre relevant du secteur d&rsquo;action sociale.<\/p>\n<p>De son c\u00f4t\u00e9, le commissariat des scouts musulmans alg\u00e9riens (SMA) d&rsquo;Oran a \u00e9galement contribu\u00e9 aux op\u00e9rations de d\u00e9sinfection des sites o\u00f9 se trouvent les sans-abri, comme il a distribu\u00e9 des moyens de protection pour les prot\u00e9ger contre l&rsquo;infection. Le groupe \u00ab\u00a0El Mouwahidine\u00a0\u00bb proc\u00e8de, quant \u00e0 lui, \u00e0 la distribution de repas chauds aux sans domicile, rappelle-t-on.<\/p>\n<\/div>\n<p>Auteur:<br \/>\n<a href=\"http:\/\/www.aps.dz\/regions\/103320-oran-des-actions-pour-prendre-en-charge-les-sans-abri-face-au-coronavirus\">Cliquez ici pour lire l&rsquo;article depuis sa source.<\/a><\/p>\n","protected":false},"excerpt":{"rendered":"<p>ORAN-Des organismes et des associations \u00e0 caract\u00e8re social et humanitaire multiplient leurs actions pour prendre en charge les personnes sans-abri de la ville d&rsquo;Oran face \u00e0 la menace de l\u2019\u00e9pid\u00e9mie du\u00a0Coronavirus. Dans ce cadre, le directeur de wilaya de l&rsquo;action sociale, Fadala Mohamed a assur\u00e9 que cette frange de la soci\u00e9t\u00e9 est prise en charge [&hellip;]<\/p>\n","protected":false},"author":1790,"featured_media":0,"comment_status":"closed","ping_status":"closed","sticky":false,"template":"","format":"standard","meta":{"fifu_image_url":"","fifu_image_alt":"","footnotes":""},"categories":[53,76],"tags":[],"class_list":["post-79761","post","type-post","status-publish","format-standard","hentry","category-algerie","category-regions"],"_links":{"self":[{"href":"https:\/\/linitiative.ca\/International\/wp-json\/wp\/v2\/posts\/79761","targetHints":{"allow":["GET"]}}],"collection":[{"href":"https:\/\/linitiative.ca\/International\/wp-json\/wp\/v2\/posts"}],"about":[{"href":"https:\/\/linitiative.ca\/International\/wp-json\/wp\/v2\/types\/post"}],"author":[{"embeddable":true,"href":"https:\/\/linitiative.ca\/International\/wp-json\/wp\/v2\/users\/1790"}],"replies":[{"embeddable":true,"href":"https:\/\/linitiative.ca\/International\/wp-json\/wp\/v2\/comments?post=79761"}],"version-history":[{"count":0,"href":"https:\/\/linitiative.ca\/International\/wp-json\/wp\/v2\/posts\/79761\/revisions"}],"wp:attachment":[{"href":"https:\/\/linitiative.ca\/International\/wp-json\/wp\/v2\/media?parent=79761"}],"wp:term":[{"taxonomy":"category","embeddable":true,"href":"https:\/\/linitiative.ca\/International\/wp-json\/wp\/v2\/categories?post=79761"},{"taxonomy":"post_tag","embeddable":true,"href":"https:\/\/linitiative.ca\/International\/wp-json\/wp\/v2\/tags?post=79761"}],"curies":[{"name":"wp","href":"https:\/\/api.w.org\/{rel}","templated":true}]}}