{"id":79764,"date":"2020-03-22T15:14:20","date_gmt":"2020-03-22T19:14:20","guid":{"rendered":"https:\/\/linitiative.ca\/International\/equipe-dalgerie-madjer-pourquoi-devrais-je-etre-jaloux-de-belmadi\/"},"modified":"2020-03-22T15:14:20","modified_gmt":"2020-03-22T19:14:20","slug":"equipe-dalgerie-madjer-pourquoi-devrais-je-etre-jaloux-de-belmadi","status":"publish","type":"post","link":"https:\/\/linitiative.ca\/International\/equipe-dalgerie-madjer-pourquoi-devrais-je-etre-jaloux-de-belmadi\/","title":{"rendered":"Equipe d&rsquo;Alg\u00e9rie : Madjer: \u00abPourquoi devrais-je \u00eatre jaloux de Belmadi ?\u00bb"},"content":{"rendered":"<div readability=\"32\">\n<p>Auteur : <span>Riad O.<\/span> <span class=\"time\">dimanche 22 mars 2020 17:06<\/span><\/p>\n<\/div>\n<div id=\"post_core\" readability=\"46\">\n<p>A la question de savoir s\u2019il ressent de la jalousie par rapport \u00e0 la r\u00e9ussite de son successeur \u00e0 la t\u00eate de la barre technique de l\u2019EN en l\u2019occurrence, Djamel Belmadi, Rabah Madjer a r\u00e9pondu\u00a0:\u00a0\u00abJe ne peux pas ressentir de la jalousie envers Belmadi. Pourquoi devrais-je \u00eatre jaloux de lui? J\u2019\u00e9tais moi-m\u00eame entra\u00eeneur de Belmadi lorsqu\u2019il \u00e9tait joueur en \u00e9quipe nationale.\u00bb a-t-il d\u00e9clar\u00e9, avant d\u2019ajouter\u00a0:\u00a0\u00abC\u2019est pourquoi, je ressens beaucoup de joie pour sa r\u00e9ussite en s\u00e9lection. Il a men\u00e9 l\u2019EN \u00e0 un exploit que je voulais moi-m\u00eame atteindre lorsque j\u2019avais pris en main la s\u00e9lection. C\u2019\u00e9tait mon r\u00eave. Mais on ne m\u2019a pas accord\u00e9 la chance, surtout que j\u2019ai \u00e9t\u00e9 victime d\u2019une grande compagne de d\u00e9stabilisation. Cela-dit, je ne regarde plus vers le pass\u00e9.\u00bb Celui qui avait soulev\u00e9 la CAN en 1990 en tant que capitaine de l\u2019EN a ajout\u00e9:\u00a0\u00abL\u2019Alg\u00e9rie reste dans mon c\u0153ur, et le football Alg\u00e9rien aussi. Je dis \u00e0 ces personnes que vous vous en \u00eates pris \u00e0 moi gratuitement et que personne n\u2019a pas profit\u00e9 de cela.\u00bb Toujours \u00e0 propos de Belmadi, Madjer estime que la s\u00e9lection nationale, sous la houlette de l\u2019ancien joueur de l\u2019OM, est dans le droit chemin:\u00a0\u00abDieu merci, nous avons une bonne s\u00e9lection. Nous pouvons rester dans le sommet. Je souhaite beaucoup de r\u00e9ussite \u00e0 notre \u00e9quipe nationale lors des prochaines \u00e9liminatoires de la CAN 2021 et du Mondial 2022.\u00bb<\/p>\n<p><strong>Publi\u00e9 dans :<\/strong> <span>Belmadi<\/span><\/p>\n<\/div>\n<p>Auteur:<br \/>\n<a href=\"http:\/\/www.lebuteur.com\/article\/detail?titre=madjer-pourquoi-devrais-je-etre-jaloux-de-belmadi&#038;id=95396&#038;utm_source=feedburner&#038;utm_medium=feed&#038;utm_campaign=Feed%3A+GalerieFArtciles+%28Les+derniers+articles++-+lebuteur.com%29\">Cliquez ici pour lire l&rsquo;article depuis sa source.<\/a><\/p>\n","protected":false},"excerpt":{"rendered":"<p>Auteur : Riad O. dimanche 22 mars 2020 17:06 A la question de savoir s\u2019il ressent de la jalousie par rapport \u00e0 la r\u00e9ussite de son successeur \u00e0 la t\u00eate de la barre technique de l\u2019EN en l\u2019occurrence, Djamel Belmadi, Rabah Madjer a r\u00e9pondu\u00a0:\u00a0\u00abJe ne peux pas ressentir de la jalousie envers Belmadi. Pourquoi devrais-je [&hellip;]<\/p>\n","protected":false},"author":1738,"featured_media":79765,"comment_status":"closed","ping_status":"closed","sticky":false,"template":"","format":"standard","meta":{"fifu_image_url":"","fifu_image_alt":"","footnotes":""},"categories":[53,75],"tags":[],"class_list":["post-79764","post","type-post","status-publish","format-standard","has-post-thumbnail","hentry","category-algerie","category-sport"],"_links":{"self":[{"href":"https:\/\/linitiative.ca\/International\/wp-json\/wp\/v2\/posts\/79764","targetHints":{"allow":["GET"]}}],"collection":[{"href":"https:\/\/linitiative.ca\/International\/wp-json\/wp\/v2\/posts"}],"about":[{"href":"https:\/\/linitiative.ca\/International\/wp-json\/wp\/v2\/types\/post"}],"author":[{"embeddable":true,"href":"https:\/\/linitiative.ca\/International\/wp-json\/wp\/v2\/users\/1738"}],"replies":[{"embeddable":true,"href":"https:\/\/linitiative.ca\/International\/wp-json\/wp\/v2\/comments?post=79764"}],"version-history":[{"count":0,"href":"https:\/\/linitiative.ca\/International\/wp-json\/wp\/v2\/posts\/79764\/revisions"}],"wp:featuredmedia":[{"embeddable":true,"href":"https:\/\/linitiative.ca\/International\/wp-json\/"}],"wp:attachment":[{"href":"https:\/\/linitiative.ca\/International\/wp-json\/wp\/v2\/media?parent=79764"}],"wp:term":[{"taxonomy":"category","embeddable":true,"href":"https:\/\/linitiative.ca\/International\/wp-json\/wp\/v2\/categories?post=79764"},{"taxonomy":"post_tag","embeddable":true,"href":"https:\/\/linitiative.ca\/International\/wp-json\/wp\/v2\/tags?post=79764"}],"curies":[{"name":"wp","href":"https:\/\/api.w.org\/{rel}","templated":true}]}}