{"id":79770,"date":"2020-03-22T15:14:31","date_gmt":"2020-03-22T19:14:31","guid":{"rendered":"https:\/\/linitiative.ca\/International\/ligue-1-2-le-covid-19-menace-le-centenaire-du-mouloudia\/"},"modified":"2020-03-22T15:14:31","modified_gmt":"2020-03-22T19:14:31","slug":"ligue-1-2-le-covid-19-menace-le-centenaire-du-mouloudia","status":"publish","type":"post","link":"https:\/\/linitiative.ca\/International\/ligue-1-2-le-covid-19-menace-le-centenaire-du-mouloudia\/","title":{"rendered":"Ligue 1 &amp; 2 : Le COVID-19 menace le centenaire du Mouloudia"},"content":{"rendered":"<div readability=\"32\">\n<p>Auteur : <span>T. Che<\/span> <span class=\"time\">dimanche 22 mars 2020 17:07<\/span><\/p>\n<\/div>\n<div id=\"post_core\" readability=\"56\">\n<p>A quelques encablures du centenaire du club, les dirigeants du Mouloudia et\u00a0 Sonatrach affirment qu\u2019ils feront tout pour marquer cette date historique d\u2019un sceau ind\u00e9l\u00e9bile. D\u00e9cr\u00e9tant l\u2019ouverture du centenaire \u00e0 partir du mois d\u2019ao\u00fbt prochain, le Mouloudia doit disputer des matchs gala tout au long de l\u2019ann\u00e9e. On a parl\u00e9 du Real Madrid puis de l\u2019O Marseille mais tout risque de tomber \u00e0 l\u2019eau, \u00e0 cause du coronavirus qui impose un chamboulement au niveau plan\u00e9taire. Avec le report de l\u2019Euro, de la Ligue des champions et des diff\u00e9rents championnats, les responsables du MCA auront bien des difficult\u00e9s \u00e0 mettre sur pied des matchs de prestige face \u00e0 des t\u00e9nors du football europ\u00e9en. C\u2019est tout le probl\u00e8me auquel seront confront\u00e9s Nacer Almas et ses collaborateurs car le Mouloudia avait pour objectif d\u2019organiser un match gala durant chaque date FIFA. Mais apr\u00e8s l\u2019apparition puis la propagation du COVID-19, rien ne sera comme avant car c\u2019est tout le planning du foot mondial qui est chamboul\u00e9 et le Mouloudia n\u2019\u00e9chappe pas aux turbulences engendr\u00e9es par cette pand\u00e9mie qui pourrait mettre certaines dates entre parenth\u00e8ses. Il est \u00e9vident que Abdennour Kaoua, Madjid Oudina et les autres membres charg\u00e9s des pr\u00e9paratifs du centenaire doivent se d\u00e9ployer en redoublant d\u2019imagination pour essayer de trouver des solutions, \u00e0 m\u00eame de sauver un centenaire s\u00e9rieusement menac\u00e9.\u00a0\u00a0\u00a0 \u00a0<br \/><strong>Belkhiri : \u00abLe coronavirus impacte directement les pr\u00e9paratifs du centenaire\u00bb \u00a0<\/strong><br \/>Le porte-parole du club, Tahar Belkhiri, s\u2019est exprim\u00e9 sur le sujet du centenaire que les dirigeants mouloud\u00e9ens veulent en faire un \u00e9v\u00e9nement international : \u00abActuellement, le monde entier traverse une p\u00e9riode tr\u00e8s critique. Il est \u00e9vident que le coronavirus impacte directement les pr\u00e9paratifs du centenaire. On ne pourra aborder cet \u00e9v\u00e9nement qu\u2019apr\u00e8s la fin de ce fl\u00e9au. Il faut inviter des journalistes, les membres de la FAF et les autorit\u00e9s car cet \u00e9v\u00e9nement ne verra pas le jour sans l\u2019aide de tout le monde. Il y a les dates FIFA qui vont changer, de ce fait, il faut revoir toute sa copie pour \u00eatre en conformit\u00e9 avec nos ambitions.\u00bb\u00a0\u00a0\u00a0 \u00a0<br \/><strong>\u00abJe pr\u00e9cise qu\u2019on n\u2019a, pour le moment, lanc\u00e9\u00a0 d\u2019invitation \u00e0 aucun club\u00bb<\/strong><br \/>Pour \u00e9viter les sp\u00e9culations et les rumeurs qui foisonnent sur la Toile, Belkhiri d\u00e9clare que le club n\u2019a lanc\u00e9 pour le moment aucune invitation : \u00abJe tiens \u00e0 pr\u00e9ciser que pour l\u2019instant, on n\u2019a lanc\u00e9 d\u2019invitation \u00e0 aucun club dans le cadre du centenaire. Il y a les dates FIFA qui chamboulent nos plans.\u00a0 Mais ce que je peux dire, c\u2019est qu\u2019on fera tout pour que les f\u00eates du centenaire soient \u00e0 la hauteur.\u00bb<br \/>\u00a0<\/p>\n<p><strong>Publi\u00e9 dans :<\/strong> <span>Abdennour Kaoua<\/span> <span>Madjid Oudina<\/span> <span>Tahar Belkhiri<\/span><\/p>\n<\/div>\n<p>Auteur:<br \/>\n<a href=\"http:\/\/www.lebuteur.com\/article\/detail?titre=le-covid-19-menace-le-centenaire-du-mouloudia&#038;id=95390&#038;utm_source=feedburner&#038;utm_medium=feed&#038;utm_campaign=Feed%3A+GalerieFArtciles+%28Les+derniers+articles++-+lebuteur.com%29\">Cliquez ici pour lire l&rsquo;article depuis sa source.<\/a><\/p>\n","protected":false},"excerpt":{"rendered":"<p>Auteur : T. Che dimanche 22 mars 2020 17:07 A quelques encablures du centenaire du club, les dirigeants du Mouloudia et\u00a0 Sonatrach affirment qu\u2019ils feront tout pour marquer cette date historique d\u2019un sceau ind\u00e9l\u00e9bile. D\u00e9cr\u00e9tant l\u2019ouverture du centenaire \u00e0 partir du mois d\u2019ao\u00fbt prochain, le Mouloudia doit disputer des matchs gala tout au long de [&hellip;]<\/p>\n","protected":false},"author":1738,"featured_media":79771,"comment_status":"closed","ping_status":"closed","sticky":false,"template":"","format":"standard","meta":{"fifu_image_url":"","fifu_image_alt":"","footnotes":""},"categories":[53,75],"tags":[],"class_list":["post-79770","post","type-post","status-publish","format-standard","has-post-thumbnail","hentry","category-algerie","category-sport"],"_links":{"self":[{"href":"https:\/\/linitiative.ca\/International\/wp-json\/wp\/v2\/posts\/79770","targetHints":{"allow":["GET"]}}],"collection":[{"href":"https:\/\/linitiative.ca\/International\/wp-json\/wp\/v2\/posts"}],"about":[{"href":"https:\/\/linitiative.ca\/International\/wp-json\/wp\/v2\/types\/post"}],"author":[{"embeddable":true,"href":"https:\/\/linitiative.ca\/International\/wp-json\/wp\/v2\/users\/1738"}],"replies":[{"embeddable":true,"href":"https:\/\/linitiative.ca\/International\/wp-json\/wp\/v2\/comments?post=79770"}],"version-history":[{"count":0,"href":"https:\/\/linitiative.ca\/International\/wp-json\/wp\/v2\/posts\/79770\/revisions"}],"wp:featuredmedia":[{"embeddable":true,"href":"https:\/\/linitiative.ca\/International\/wp-json\/"}],"wp:attachment":[{"href":"https:\/\/linitiative.ca\/International\/wp-json\/wp\/v2\/media?parent=79770"}],"wp:term":[{"taxonomy":"category","embeddable":true,"href":"https:\/\/linitiative.ca\/International\/wp-json\/wp\/v2\/categories?post=79770"},{"taxonomy":"post_tag","embeddable":true,"href":"https:\/\/linitiative.ca\/International\/wp-json\/wp\/v2\/tags?post=79770"}],"curies":[{"name":"wp","href":"https:\/\/api.w.org\/{rel}","templated":true}]}}