{"id":79772,"date":"2020-03-22T15:14:34","date_gmt":"2020-03-22T19:14:34","guid":{"rendered":"https:\/\/linitiative.ca\/International\/ligue-1-2-tizi-ouzou-pleure-sa-premiere-victime-du-coronavirus\/"},"modified":"2020-03-22T15:14:34","modified_gmt":"2020-03-22T19:14:34","slug":"ligue-1-2-tizi-ouzou-pleure-sa-premiere-victime-du-coronavirus","status":"publish","type":"post","link":"https:\/\/linitiative.ca\/International\/ligue-1-2-tizi-ouzou-pleure-sa-premiere-victime-du-coronavirus\/","title":{"rendered":"Ligue 1 &amp; 2 : Tizi Ouzou pleure sa premi\u00e8re victime du Coronavirus\u2026"},"content":{"rendered":"<div readability=\"32\">\n<p>Auteur : <span>L. A.<\/span> <span class=\"time\">dimanche 22 mars 2020 17:07<\/span><\/p>\n<\/div>\n<div id=\"post_core\" readability=\"60\">\n<p>Apr\u00e8s un peu plus d\u2019une semaine depuis le premier cas de coronavirus confirm\u00e9 en Alg\u00e9rie, Tizi Ouzou a enregistr\u00e9 malheureusement, vendredi apr\u00e8s-midi, son premier d\u00e9c\u00e8s. Il s\u2019agit d\u2019une femme \u00e2g\u00e9e de 77 ans, originaire du village Mira dans la localit\u00e9 de Timizart \u00e0 Ouaguenoun a indiqu\u00e9 un communiqu\u00e9 officiel de la cellule de crise install\u00e9e \u00e0 la wilaya. La direction de la sant\u00e9 de Tizi Ouzou a d\u00e9plor\u00e9 cette premi\u00e8re victime et a appel\u00e9 la population au respect des consignes sanitaires dict\u00e9es par le minist\u00e8re de tutelle et l\u2019Organisation mondiale de la sant\u00e9 et qui consiste \u00e0 rester chez soi pendant deux semaines et \u00e9viter tout contact pour \u00e9viter la propagation de ce virus. La nouvelle du d\u00e9c\u00e8s de cette femme a plong\u00e9 toute la r\u00e9gion dans l\u2019\u00e9moi et une tristesse totale dans tous les villages. Le premier responsable de la wilaya, Mahmoud Djamaa, a adress\u00e9 un message de condol\u00e9ances \u00e0 la famille de la d\u00e9funte et a rappel\u00e9 la population quant \u00e0 la n\u00e9cessit\u00e9 de rester vigilante et pr\u00e9ventive.<\/p>\n<p><strong>Le corps m\u00e9dical fortement mobilis\u00e9<\/strong><br \/>Si les mesures de confinement ont eu un \u00e9cho favorable dans plusieurs villes de Tizi Ouzou, il n\u2019en demeure pas moins que dans certains quartiers, les citoyens continuent de sortir et de se regrouper. Les experts de la sant\u00e9 publique lancent un \u00e9ni\u00e8me appel \u00e0 la population de ne pas sortir sauf en cas de n\u00e9cessit\u00e9 urgente. Le corps m\u00e9dical du centre hospitalo-universitaire de Tizi Ouzou et de l\u2019ensemble des structures de la wilaya est mobilis\u00e9 de jour comme de nuit pour \u00e9viter la propagation de ce virus qui a endeuill\u00e9 plusieurs pays du monde.<\/p>\n<p><strong>Un travail de sensibilisation de proximit\u00e9 est men\u00e9 dans tous les villages<\/strong><br \/>Dans l\u2019optique de stopper cet \u00e9pid\u00e9mie voire \u00e9viter toute propagation, les autorit\u00e9s ont appel\u00e9 \u00e0 la pr\u00e9vention de la population. C\u2019est ainsi que le relais est vite repris par les associations, les comit\u00e9s de village et les quartiers, pour sensibiliser les citoyens quant au danger qui menace tout le pays. Parall\u00e8lement \u00e0 ces actions, les citoyens s\u2019activent \u00e9galement dans les op\u00e9rations de d\u00e9sinfection de toutes les places publiques. Les derni\u00e8res mesures annonc\u00e9es \u00e0 l\u2019issue du dernier conseil des ministres devraient en principe mettre \u00e0 l\u2019abri la population quant au risque d\u2019une propagation vertigineuse de cette pand\u00e9mie, la sommant de respecter strictement les recommandations sanitaires.<br \/>\u00a0<\/p>\n<p><strong>Publi\u00e9 dans :<\/strong> <span>Tizi Ouzou<\/span> <span>Mahmoud Djamaa<\/span> <span>Timizart \u00e0 Ouaguenoun<\/span><\/p>\n<\/div>\n<p>Auteur:<br \/>\n<a href=\"http:\/\/www.lebuteur.com\/article\/detail?titre=tizi-ouzou-pleure-sa-premiere-victime-du-coronavirus%E2%80%A6&#038;id=95389&#038;utm_source=feedburner&#038;utm_medium=feed&#038;utm_campaign=Feed%3A+GalerieFArtciles+%28Les+derniers+articles++-+lebuteur.com%29\">Cliquez ici pour lire l&rsquo;article depuis sa source.<\/a><\/p>\n","protected":false},"excerpt":{"rendered":"<p>Auteur : L. A. dimanche 22 mars 2020 17:07 Apr\u00e8s un peu plus d\u2019une semaine depuis le premier cas de coronavirus confirm\u00e9 en Alg\u00e9rie, Tizi Ouzou a enregistr\u00e9 malheureusement, vendredi apr\u00e8s-midi, son premier d\u00e9c\u00e8s. Il s\u2019agit d\u2019une femme \u00e2g\u00e9e de 77 ans, originaire du village Mira dans la localit\u00e9 de Timizart \u00e0 Ouaguenoun a indiqu\u00e9 [&hellip;]<\/p>\n","protected":false},"author":1738,"featured_media":79773,"comment_status":"closed","ping_status":"closed","sticky":false,"template":"","format":"standard","meta":{"fifu_image_url":"","fifu_image_alt":"","footnotes":""},"categories":[53,75],"tags":[],"class_list":["post-79772","post","type-post","status-publish","format-standard","has-post-thumbnail","hentry","category-algerie","category-sport"],"_links":{"self":[{"href":"https:\/\/linitiative.ca\/International\/wp-json\/wp\/v2\/posts\/79772","targetHints":{"allow":["GET"]}}],"collection":[{"href":"https:\/\/linitiative.ca\/International\/wp-json\/wp\/v2\/posts"}],"about":[{"href":"https:\/\/linitiative.ca\/International\/wp-json\/wp\/v2\/types\/post"}],"author":[{"embeddable":true,"href":"https:\/\/linitiative.ca\/International\/wp-json\/wp\/v2\/users\/1738"}],"replies":[{"embeddable":true,"href":"https:\/\/linitiative.ca\/International\/wp-json\/wp\/v2\/comments?post=79772"}],"version-history":[{"count":0,"href":"https:\/\/linitiative.ca\/International\/wp-json\/wp\/v2\/posts\/79772\/revisions"}],"wp:featuredmedia":[{"embeddable":true,"href":"https:\/\/linitiative.ca\/International\/wp-json\/"}],"wp:attachment":[{"href":"https:\/\/linitiative.ca\/International\/wp-json\/wp\/v2\/media?parent=79772"}],"wp:term":[{"taxonomy":"category","embeddable":true,"href":"https:\/\/linitiative.ca\/International\/wp-json\/wp\/v2\/categories?post=79772"},{"taxonomy":"post_tag","embeddable":true,"href":"https:\/\/linitiative.ca\/International\/wp-json\/wp\/v2\/tags?post=79772"}],"curies":[{"name":"wp","href":"https:\/\/api.w.org\/{rel}","templated":true}]}}