{"id":79774,"date":"2020-03-22T13:30:00","date_gmt":"2020-03-22T17:30:00","guid":{"rendered":"https:\/\/linitiative.ca\/International\/coronavirus-201-cas-confirmes-dont-17-deces\/"},"modified":"2020-03-22T13:30:00","modified_gmt":"2020-03-22T17:30:00","slug":"coronavirus-201-cas-confirmes-dont-17-deces","status":"publish","type":"post","link":"https:\/\/linitiative.ca\/International\/coronavirus-201-cas-confirmes-dont-17-deces\/","title":{"rendered":"Coronavirus : 201 cas confirm\u00e9s, dont 17 d\u00e9c\u00e8s"},"content":{"rendered":"<p>Dix-sept personnes porteuses du coronavirus sont d\u00e9c\u00e9d\u00e9es parmi les 201 cas confirm\u00e9s jusqu&rsquo;\u00e0 dimanche \u00e0 15h00, a annonc\u00e9 dimanche le Porte-parole du Comit\u00e9 scientifique de suivi de l&rsquo;\u00e9volution de la pand\u00e9mie du Coronavirus, Djamel Fourar.<\/p>\n<p><span>PUBLIE LE : 22-03-2020 | 18:30<\/span><br \/>\nAuteur: elmoudjahid<br \/>\n<a href=\"http:\/\/www.elmoudjahid.com\/fr\/actualites\/150209\">Cliquez ici pour lire l&rsquo;article depuis sa source.<\/a><\/p>\n","protected":false},"excerpt":{"rendered":"<p>Dix-sept personnes porteuses du coronavirus sont d\u00e9c\u00e9d\u00e9es parmi les 201 cas confirm\u00e9s jusqu&rsquo;\u00e0 dimanche \u00e0 15h00, a annonc\u00e9 dimanche le Porte-parole du Comit\u00e9 scientifique de suivi de l&rsquo;\u00e9volution de la pand\u00e9mie du Coronavirus, Djamel Fourar. PUBLIE LE : 22-03-2020 | 18:30 Auteur: elmoudjahid Cliquez ici pour lire l&rsquo;article depuis sa source.<\/p>\n","protected":false},"author":1744,"featured_media":0,"comment_status":"closed","ping_status":"closed","sticky":false,"template":"","format":"standard","meta":{"fifu_image_url":"","fifu_image_alt":"","footnotes":""},"categories":[73,53],"tags":[],"class_list":["post-79774","post","type-post","status-publish","format-standard","hentry","category-actualite","category-algerie"],"_links":{"self":[{"href":"https:\/\/linitiative.ca\/International\/wp-json\/wp\/v2\/posts\/79774","targetHints":{"allow":["GET"]}}],"collection":[{"href":"https:\/\/linitiative.ca\/International\/wp-json\/wp\/v2\/posts"}],"about":[{"href":"https:\/\/linitiative.ca\/International\/wp-json\/wp\/v2\/types\/post"}],"author":[{"embeddable":true,"href":"https:\/\/linitiative.ca\/International\/wp-json\/wp\/v2\/users\/1744"}],"replies":[{"embeddable":true,"href":"https:\/\/linitiative.ca\/International\/wp-json\/wp\/v2\/comments?post=79774"}],"version-history":[{"count":0,"href":"https:\/\/linitiative.ca\/International\/wp-json\/wp\/v2\/posts\/79774\/revisions"}],"wp:attachment":[{"href":"https:\/\/linitiative.ca\/International\/wp-json\/wp\/v2\/media?parent=79774"}],"wp:term":[{"taxonomy":"category","embeddable":true,"href":"https:\/\/linitiative.ca\/International\/wp-json\/wp\/v2\/categories?post=79774"},{"taxonomy":"post_tag","embeddable":true,"href":"https:\/\/linitiative.ca\/International\/wp-json\/wp\/v2\/tags?post=79774"}],"curies":[{"name":"wp","href":"https:\/\/api.w.org\/{rel}","templated":true}]}}