{"id":79776,"date":"2020-03-22T04:46:53","date_gmt":"2020-03-22T08:46:53","guid":{"rendered":"https:\/\/linitiative.ca\/International\/103304-coronavirus-deces-de-l-ancien-president-du-real-madrid-lorenzo-sanz\/"},"modified":"2020-03-22T04:46:53","modified_gmt":"2020-03-22T08:46:53","slug":"103304-coronavirus-deces-de-l-ancien-president-du-real-madrid-lorenzo-sanz","status":"publish","type":"post","link":"https:\/\/linitiative.ca\/International\/103304-coronavirus-deces-de-l-ancien-president-du-real-madrid-lorenzo-sanz\/","title":{"rendered":"Coronavirus: d\u00e9c\u00e8s de l&rsquo;ancien pr\u00e9sident du Real Madrid Lorenzo Sanz"},"content":{"rendered":"<div readability=\"36\">\n<p><strong>MADRID &#8211; L&rsquo;ancien pr\u00e9sident du Real Madrid Lorenzo Sanz est d\u00e9c\u00e9d\u00e9 samedi \u00e0 76 ans, trois jours apr\u00e8s son hospitalisation en raison du Covid-19, a annonc\u00e9 son fils \u00e9galement appel\u00e9 Lorenzo sur Twitter.<\/strong><\/p>\n<\/div>\n<div readability=\"74\">\n<blockquote readability=\"8\">\n<p><strong>\u00ab\u00a0Mon p\u00e8re vient de d\u00e9c\u00e9der. Il ne m\u00e9ritait pas cette fin et de cette fa\u00e7on\u00a0\u00bb, a tweet\u00e9 le fils de Lorenzo Sanz dont le r\u00e8gne \u00e0 la t\u00eate du Real Madrid entre 1995 et 2000 a \u00e9t\u00e9 couronn\u00e9 par deux Ligues des champions.<\/strong><\/p>\n<\/blockquote>\n<p>Trois jours plus t\u00f4t, dans une vid\u00e9o publi\u00e9e sur le m\u00eame r\u00e9seau social, cet ancien basketteur professionnel, avait expliqu\u00e9 que son p\u00e8re \u00e9tait hospitalis\u00e9 \u00e0 Madrid en raison de sympt\u00f4mes correspondant au nouveau coronavirus.<\/p>\n<blockquote readability=\"8\">\n<p><strong>\u00ab\u00a0Aujourd&rsquo;hui, le madridisme pleure la perte d&rsquo;un pr\u00e9sident qui a consacr\u00e9 une grande partie de sa vie \u00e0 sa grande passion: le Real Madrid\u00a0\u00bb, a regrett\u00e9 le club Merengue dans un communiqu\u00e9.<\/strong><\/p>\n<\/blockquote>\n<p>\u00ab\u00a0Compte tenu des circonstances actuelles, le Real Madrid lui rendra l&rsquo;hommage qu&rsquo;il m\u00e9rite d\u00e8s que possible\u00a0\u00bb, pr\u00e9cise le club de la capitale espagnole, en plein confinement pour tenter d&rsquo;enrayer la propagation du coronavirus qui a fait 1.326 morts au total selon les derniers chiffres diffus\u00e9s samedi.<\/p>\n<p>Sanz a int\u00e9gr\u00e9 la direction du Real Madrid dans les ann\u00e9es 1980 sous la pr\u00e9sidence de Ramon Mendoza avant de lui succ\u00e9der en 1995.<\/p>\n<p>Avec Jupp Heynckes sur le banc et des stars telles que Davor Suker, Roberto Carlos, Clarence Seedorf, Fernando Hierro et Raul sur le terrain, le Real a remport\u00e9 la Ligue des champions en 1998 en battant la Juventus 1-0 en finale.<\/p>\n<p>Sa septi\u00e8me C1 mais la premi\u00e8re depuis 32 ans. La huiti\u00e8me, elle, s&rsquo;est moins fait attendre: deux saisons plus tard, \u00e0 Paris, les Merengue se sont offert un nouveau sacre dans la plus prestigieuse des comp\u00e9titions europ\u00e9ennes en surclassant Valence 3-0 en finale.<\/p>\n<p>La derni\u00e8re de Lorenzo Sanz, battu quelques mois plus tard aux \u00e9lections pour la pr\u00e9sidence du Real par Florentino Perez, qui a ouvert l&rsquo;\u00e8re des Galactiques.<\/p>\n<\/div>\n<p>Auteur:<br \/>\n<a href=\"http:\/\/www.aps.dz\/sport\/103304-coronavirus-deces-de-l-ancien-president-du-real-madrid-lorenzo-sanz?utm_source=feedburner&#038;utm_medium=feed&#038;utm_campaign=Feed%3A+aps-sport+%28APS+-+SPORT%29\">Cliquez ici pour lire l&rsquo;article depuis sa source.<\/a><\/p>\n","protected":false},"excerpt":{"rendered":"<p>MADRID &#8211; L&rsquo;ancien pr\u00e9sident du Real Madrid Lorenzo Sanz est d\u00e9c\u00e9d\u00e9 samedi \u00e0 76 ans, trois jours apr\u00e8s son hospitalisation en raison du Covid-19, a annonc\u00e9 son fils \u00e9galement appel\u00e9 Lorenzo sur Twitter. \u00ab\u00a0Mon p\u00e8re vient de d\u00e9c\u00e9der. Il ne m\u00e9ritait pas cette fin et de cette fa\u00e7on\u00a0\u00bb, a tweet\u00e9 le fils de Lorenzo Sanz [&hellip;]<\/p>\n","protected":false},"author":1790,"featured_media":0,"comment_status":"closed","ping_status":"closed","sticky":false,"template":"","format":"standard","meta":{"fifu_image_url":"","fifu_image_alt":"","footnotes":""},"categories":[53,75],"tags":[],"class_list":["post-79776","post","type-post","status-publish","format-standard","hentry","category-algerie","category-sport"],"_links":{"self":[{"href":"https:\/\/linitiative.ca\/International\/wp-json\/wp\/v2\/posts\/79776","targetHints":{"allow":["GET"]}}],"collection":[{"href":"https:\/\/linitiative.ca\/International\/wp-json\/wp\/v2\/posts"}],"about":[{"href":"https:\/\/linitiative.ca\/International\/wp-json\/wp\/v2\/types\/post"}],"author":[{"embeddable":true,"href":"https:\/\/linitiative.ca\/International\/wp-json\/wp\/v2\/users\/1790"}],"replies":[{"embeddable":true,"href":"https:\/\/linitiative.ca\/International\/wp-json\/wp\/v2\/comments?post=79776"}],"version-history":[{"count":0,"href":"https:\/\/linitiative.ca\/International\/wp-json\/wp\/v2\/posts\/79776\/revisions"}],"wp:attachment":[{"href":"https:\/\/linitiative.ca\/International\/wp-json\/wp\/v2\/media?parent=79776"}],"wp:term":[{"taxonomy":"category","embeddable":true,"href":"https:\/\/linitiative.ca\/International\/wp-json\/wp\/v2\/categories?post=79776"},{"taxonomy":"post_tag","embeddable":true,"href":"https:\/\/linitiative.ca\/International\/wp-json\/wp\/v2\/tags?post=79776"}],"curies":[{"name":"wp","href":"https:\/\/api.w.org\/{rel}","templated":true}]}}