{"id":79778,"date":"2020-03-22T13:35:00","date_gmt":"2020-03-22T17:35:00","guid":{"rendered":"https:\/\/linitiative.ca\/International\/surete-dalger-arrestation-de-05-cambrioleurs-a-dely-brahim\/"},"modified":"2020-03-22T13:35:00","modified_gmt":"2020-03-22T17:35:00","slug":"surete-dalger-arrestation-de-05-cambrioleurs-a-dely-brahim","status":"publish","type":"post","link":"https:\/\/linitiative.ca\/International\/surete-dalger-arrestation-de-05-cambrioleurs-a-dely-brahim\/","title":{"rendered":"SURETE D&rsquo;ALGER  : Arrestation de 05 cambrioleurs \u00e0 Dely Brahim"},"content":{"rendered":"<p><br id=\"sep_para_1\" class=\"sep_para access\"\/><\/p>\n<div id=\"para_1\" class=\"para_36091819 resize\">\n<div class=\"texte access firstletter\">Les services de la wilaya d&rsquo;Alger ont arr\u00eat\u00e9 5 individus impliqu\u00e9s dans une affaire de vol par effraction dans des magasins de vente de volaille et de viandes dans la commune de Dely Brahim (ouest d&rsquo;Alger), ainsi qu&rsquo;\u00e0 la saisie des quantit\u00e9s de comprim\u00e9s psychotropes et une montant de 100 millions de centimes et 400 dollars canadiens, a indiqu\u00e9 un communiqu\u00e9 des m\u00eames services. Les services de la 6e s\u00fbret\u00e9 urbaine de Dely Brahim relevant de la circonscription administrative de Cheraga ont arr\u00eat\u00e9 05 individus impliqu\u00e9s dans une affaire de vol par effraction dans des magasins de vente de volailles et de viandes et saisi, lors de cette op\u00e9ration, 530 comprim\u00e9s psychotropes, 100 millions de centimes en monnaie nationale, 400 dollars canadiens, un (01) fusil-harpon, une (01) scie \u00e0 m\u00e9taux, un (01) arrache-clous, deux (02) masques et deux (02) gants, pr\u00e9cise la m\u00eame source. Agissant sur plaintes pour des vols ciblant de magasins de vente de volailles et de viandes, les \u00e9l\u00e9ments de la police ont entam\u00e9 une enqu\u00eate d\u2019envergure ayant abouti \u00e0 l\u2019identification du v\u00e9hicule utilis\u00e9 dans les op\u00e9rations de vol et dont le propri\u00e9taire a \u00e9t\u00e9 pris en filature en compagnie d\u2019un autre individu, indique le communiqu\u00e9. Un arrache clous, deux gants, un masque en plastique ainsi que 13 comprim\u00e9s ont \u00e9t\u00e9 saisis \u00e0 l\u2019int\u00e9rieur du v\u00e9hicule, pr\u00e9cise la m\u00eame source, faisant \u00e9tat de la saisie, suite \u00e0 l&rsquo;ex\u00e9cution d&rsquo;un mandat de perquisition du domicile d&rsquo;un suspect, de 471 comprim\u00e9s psychotropes et d&rsquo;une montant de 90 millions de centimes. La poursuite de l\u2019enqu\u00eate a permis, par la suite, d\u2019arr\u00eater les trois mis en cause, de r\u00e9cup\u00e9rer des machines coupe-viande et de saisir quatre (04) v\u00e9hicules. Apr\u00e8s parach\u00e8vement des formalit\u00e9s l\u00e9gales en vigueur, les mis en cause ont \u00e9t\u00e9 d\u00e9f\u00e9r\u00e9s devant les juridictions territorialement comp\u00e9tentes, conclut le communiqu\u00e9.\u00a0\u00a0\u00a0\u00a0\u00a0\u00a0\u00a0\u00a0\u00a0\u00a0\u00a0<\/div>\n<\/div>\n<p>Auteur: Nadine<br \/>\n<a href=\"https:\/\/www.reflexiondz.net\/SURETE-D-ALGER-Arrestation-de-05-cambrioleurs-a-Dely-Brahim_a61426.html\">Cliquez ici pour lire l&rsquo;article depuis sa source.<\/a><\/p>\n","protected":false},"excerpt":{"rendered":"<p>Les services de la wilaya d&rsquo;Alger ont arr\u00eat\u00e9 5 individus impliqu\u00e9s dans une affaire de vol par effraction dans des magasins de vente de volaille et de viandes dans la commune de Dely Brahim (ouest d&rsquo;Alger), ainsi qu&rsquo;\u00e0 la saisie des quantit\u00e9s de comprim\u00e9s psychotropes et une montant de 100 millions de centimes et 400 [&hellip;]<\/p>\n","protected":false},"author":1740,"featured_media":0,"comment_status":"closed","ping_status":"closed","sticky":false,"template":"","format":"standard","meta":{"fifu_image_url":"","fifu_image_alt":"","footnotes":""},"categories":[53,76],"tags":[],"class_list":["post-79778","post","type-post","status-publish","format-standard","hentry","category-algerie","category-regions"],"_links":{"self":[{"href":"https:\/\/linitiative.ca\/International\/wp-json\/wp\/v2\/posts\/79778","targetHints":{"allow":["GET"]}}],"collection":[{"href":"https:\/\/linitiative.ca\/International\/wp-json\/wp\/v2\/posts"}],"about":[{"href":"https:\/\/linitiative.ca\/International\/wp-json\/wp\/v2\/types\/post"}],"author":[{"embeddable":true,"href":"https:\/\/linitiative.ca\/International\/wp-json\/wp\/v2\/users\/1740"}],"replies":[{"embeddable":true,"href":"https:\/\/linitiative.ca\/International\/wp-json\/wp\/v2\/comments?post=79778"}],"version-history":[{"count":0,"href":"https:\/\/linitiative.ca\/International\/wp-json\/wp\/v2\/posts\/79778\/revisions"}],"wp:attachment":[{"href":"https:\/\/linitiative.ca\/International\/wp-json\/wp\/v2\/media?parent=79778"}],"wp:term":[{"taxonomy":"category","embeddable":true,"href":"https:\/\/linitiative.ca\/International\/wp-json\/wp\/v2\/categories?post=79778"},{"taxonomy":"post_tag","embeddable":true,"href":"https:\/\/linitiative.ca\/International\/wp-json\/wp\/v2\/tags?post=79778"}],"curies":[{"name":"wp","href":"https:\/\/api.w.org\/{rel}","templated":true}]}}