{"id":79780,"date":"2020-03-22T13:35:00","date_gmt":"2020-03-22T17:35:00","guid":{"rendered":"https:\/\/linitiative.ca\/International\/rebrab-sengage-a-importer-des-appareils-de-reanimation\/"},"modified":"2020-03-22T13:35:00","modified_gmt":"2020-03-22T17:35:00","slug":"rebrab-sengage-a-importer-des-appareils-de-reanimation","status":"publish","type":"post","link":"https:\/\/linitiative.ca\/International\/rebrab-sengage-a-importer-des-appareils-de-reanimation\/","title":{"rendered":"Rebrab s\u2019engage \u00e0 importer des appareils de r\u00e9animation"},"content":{"rendered":"<p><br id=\"sep_para_1\" class=\"sep_para access\"\/><\/p>\n<div id=\"para_1\" class=\"para_36091842 resize\">\n<div class=\"texte access firstletter\">L\u2019homme d\u2019affaires, patron du groupe Cevital, Isaad Rebrab, s\u2019est engag\u00e9 \u00e0 importer des appareils de r\u00e9animation de l\u2019\u00e9tranger pour aider \u00e0 faire face \u00e0 l\u2019\u00e9pid\u00e9mie du coronavirus en Alg\u00e9rie. Rebrab qui a \u00e9t\u00e9 re\u00e7u par le ministre de la sant\u00e9 Abderrahmane Benbouzid, s\u2019est dit pr\u00eat \u00e0 lancer une op\u00e9ration d\u2019importation des appareils de r\u00e9animations n\u00e9cessaires pour les soins des personnes qui ont des maladies chroniques et qui subissent des complications avec le Coronavirus. C\u2019est le ministre de la sant\u00e9, qu\u2019il a d\u00e9clar\u00e9 ce dimanche lors de son passage \u00e0 la radio cha\u00eene 1.Pour rappel, le patron de Cevital avait annonc\u00e9 mercredi dernier, la disposition de son groupe \u00e0 venir en aide au pays lors de cette trag\u00e9die. Rebrab a soulign\u00e9 sur sa page facebook que \u00ab l\u2019Alg\u00e9rie traverse des moments difficiles en raison de l\u2019\u00e9pid\u00e9mie du Covid-19 \u00bb. \u00ab Le Groupe Cevital est pr\u00eat \u00e0 apporter sa contribution aux efforts consacr\u00e9s \u00e0 la lutte contre cette crise que conna\u00eet notre pays. \u00bb A \u00e9crit Issad Rebrab.<\/div>\n<\/div>\n<p>Auteur: R\u00e9flexion<br \/>\n<a href=\"https:\/\/www.reflexiondz.net\/Rebrab-s-engage-a-importer-des-appareils-de-reanimation_a61431.html\">Cliquez ici pour lire l&rsquo;article depuis sa source.<\/a><\/p>\n","protected":false},"excerpt":{"rendered":"<p>L\u2019homme d\u2019affaires, patron du groupe Cevital, Isaad Rebrab, s\u2019est engag\u00e9 \u00e0 importer des appareils de r\u00e9animation de l\u2019\u00e9tranger pour aider \u00e0 faire face \u00e0 l\u2019\u00e9pid\u00e9mie du coronavirus en Alg\u00e9rie. Rebrab qui a \u00e9t\u00e9 re\u00e7u par le ministre de la sant\u00e9 Abderrahmane Benbouzid, s\u2019est dit pr\u00eat \u00e0 lancer une op\u00e9ration d\u2019importation des appareils de r\u00e9animations n\u00e9cessaires [&hellip;]<\/p>\n","protected":false},"author":1740,"featured_media":0,"comment_status":"closed","ping_status":"closed","sticky":false,"template":"","format":"standard","meta":{"fifu_image_url":"","fifu_image_alt":"","footnotes":""},"categories":[53,76],"tags":[],"class_list":["post-79780","post","type-post","status-publish","format-standard","hentry","category-algerie","category-regions"],"_links":{"self":[{"href":"https:\/\/linitiative.ca\/International\/wp-json\/wp\/v2\/posts\/79780","targetHints":{"allow":["GET"]}}],"collection":[{"href":"https:\/\/linitiative.ca\/International\/wp-json\/wp\/v2\/posts"}],"about":[{"href":"https:\/\/linitiative.ca\/International\/wp-json\/wp\/v2\/types\/post"}],"author":[{"embeddable":true,"href":"https:\/\/linitiative.ca\/International\/wp-json\/wp\/v2\/users\/1740"}],"replies":[{"embeddable":true,"href":"https:\/\/linitiative.ca\/International\/wp-json\/wp\/v2\/comments?post=79780"}],"version-history":[{"count":0,"href":"https:\/\/linitiative.ca\/International\/wp-json\/wp\/v2\/posts\/79780\/revisions"}],"wp:attachment":[{"href":"https:\/\/linitiative.ca\/International\/wp-json\/wp\/v2\/media?parent=79780"}],"wp:term":[{"taxonomy":"category","embeddable":true,"href":"https:\/\/linitiative.ca\/International\/wp-json\/wp\/v2\/categories?post=79780"},{"taxonomy":"post_tag","embeddable":true,"href":"https:\/\/linitiative.ca\/International\/wp-json\/wp\/v2\/tags?post=79780"}],"curies":[{"name":"wp","href":"https:\/\/api.w.org\/{rel}","templated":true}]}}