{"id":79781,"date":"2020-03-22T13:35:00","date_gmt":"2020-03-22T17:35:00","guid":{"rendered":"https:\/\/linitiative.ca\/International\/tabbou-ne-veut-personne-a-sortie-de-prison\/"},"modified":"2020-03-22T13:35:00","modified_gmt":"2020-03-22T17:35:00","slug":"tabbou-ne-veut-personne-a-sortie-de-prison","status":"publish","type":"post","link":"https:\/\/linitiative.ca\/International\/tabbou-ne-veut-personne-a-sortie-de-prison\/","title":{"rendered":"Tabbou ne veut personne \u00e0 sortie de prison"},"content":{"rendered":"<p><br id=\"sep_para_1\" class=\"sep_para access\"\/><\/p>\n<div id=\"para_1\" class=\"para_36091838 resize\">\n<div class=\"texte access firstletter\">Le coordinateur de l\u2019Union d\u00e9mocratique et sociale (UDS, non-agr\u00e9\u00e9), Karim Tabbou, a lanc\u00e9 un nouvel appel \u00e0 partir de sa cellule de la prison de Kol\u00e9a. Publi\u00e9 par son fr\u00e8re sur son compte Facebook, l\u2019appel de Tabbou invite ses soutiens \u00e0 ne pas se d\u00e9placer vers la prison le jour de sa sortie, pr\u00e9vue le 26 mars, et ce, pour respecter les consignes de distanciation en vigueur depuis l\u2019apparition du virus Covid-19. Le coordinateur de l\u2019Union d\u00e9mocratique et sociale (UDS, non-agr\u00e9\u00e9), emprisonn\u00e9 depuis septembre 2019 rappelle le contexte dans lequel sa sortie de prison intervient appelant ses soutiens \u00e0 s\u2019abstenir de faire le d\u00e9placement \u00e0 la prison de Kol\u00e9a le jour programm\u00e9 pour sa sortie.<\/div>\n<\/div>\n<p>Auteur: R\u00e9flexion<br \/>\n<a href=\"https:\/\/www.reflexiondz.net\/Tabbou-ne-veut-personne-a-sortie-de-prison_a61430.html\">Cliquez ici pour lire l&rsquo;article depuis sa source.<\/a><\/p>\n","protected":false},"excerpt":{"rendered":"<p>Le coordinateur de l\u2019Union d\u00e9mocratique et sociale (UDS, non-agr\u00e9\u00e9), Karim Tabbou, a lanc\u00e9 un nouvel appel \u00e0 partir de sa cellule de la prison de Kol\u00e9a. Publi\u00e9 par son fr\u00e8re sur son compte Facebook, l\u2019appel de Tabbou invite ses soutiens \u00e0 ne pas se d\u00e9placer vers la prison le jour de sa sortie, pr\u00e9vue le [&hellip;]<\/p>\n","protected":false},"author":1740,"featured_media":0,"comment_status":"closed","ping_status":"closed","sticky":false,"template":"","format":"standard","meta":{"fifu_image_url":"","fifu_image_alt":"","footnotes":""},"categories":[53,76],"tags":[],"class_list":["post-79781","post","type-post","status-publish","format-standard","hentry","category-algerie","category-regions"],"_links":{"self":[{"href":"https:\/\/linitiative.ca\/International\/wp-json\/wp\/v2\/posts\/79781","targetHints":{"allow":["GET"]}}],"collection":[{"href":"https:\/\/linitiative.ca\/International\/wp-json\/wp\/v2\/posts"}],"about":[{"href":"https:\/\/linitiative.ca\/International\/wp-json\/wp\/v2\/types\/post"}],"author":[{"embeddable":true,"href":"https:\/\/linitiative.ca\/International\/wp-json\/wp\/v2\/users\/1740"}],"replies":[{"embeddable":true,"href":"https:\/\/linitiative.ca\/International\/wp-json\/wp\/v2\/comments?post=79781"}],"version-history":[{"count":0,"href":"https:\/\/linitiative.ca\/International\/wp-json\/wp\/v2\/posts\/79781\/revisions"}],"wp:attachment":[{"href":"https:\/\/linitiative.ca\/International\/wp-json\/wp\/v2\/media?parent=79781"}],"wp:term":[{"taxonomy":"category","embeddable":true,"href":"https:\/\/linitiative.ca\/International\/wp-json\/wp\/v2\/categories?post=79781"},{"taxonomy":"post_tag","embeddable":true,"href":"https:\/\/linitiative.ca\/International\/wp-json\/wp\/v2\/tags?post=79781"}],"curies":[{"name":"wp","href":"https:\/\/api.w.org\/{rel}","templated":true}]}}