{"id":79782,"date":"2020-03-22T13:35:00","date_gmt":"2020-03-22T17:35:00","guid":{"rendered":"https:\/\/linitiative.ca\/International\/sonelgaz-suspension-des-coupures-pour-non-paiement-des-factures\/"},"modified":"2020-03-22T13:35:00","modified_gmt":"2020-03-22T17:35:00","slug":"sonelgaz-suspension-des-coupures-pour-non-paiement-des-factures","status":"publish","type":"post","link":"https:\/\/linitiative.ca\/International\/sonelgaz-suspension-des-coupures-pour-non-paiement-des-factures\/","title":{"rendered":"SONELGAZ : Suspension des coupures pour non-paiement  des factures"},"content":{"rendered":"<p><br id=\"sep_para_1\" class=\"sep_para access\"\/><\/p>\n<div id=\"para_1\" class=\"para_36091823 resize\">\n<div class=\"texte access firstletter\">Le P-DG de Sonelgaz Chahar Boulakhras a confirm\u00e9 la suspension momentan\u00e9e des proc\u00e9dures de coupure d\u2019\u00e9lectricit\u00e9 et du gaz pour non-paiement des factures en cette p\u00e9riode de crise sanitaire. Lors d\u2019une conf\u00e9rence de presse, le P-DG de la Sonelgaz a appel\u00e9 les citoyens \u00e0 \u00e9viter de se d\u00e9placer aux agences, et \u00e0 appeler le 3303 en cas de panne d\u2019\u00e9lectricit\u00e9 ou de gaz. \u00ab Plusieurs mesures pr\u00e9ventives ont \u00e9t\u00e9 prise par la compagnie afin d\u2019assurer la continuit\u00e9 des services d\u2019alimentation en \u00e9lectricit\u00e9 et gaz et ce, \u00e0 travers la cr\u00e9ation d\u2019une cellule de crise \u00bb, a-t-il indiqu\u00e9. Il a en revanche appel\u00e9 \u00ab les citoyens \u00e0 une consommation rationnelle \u00bb. Par ailleurs, Boulakhras a indiqu\u00e9 que \u00ab plus de 40% des employ\u00e9s de Sonelgaz ont \u00e9t\u00e9 d\u00e9mobilis\u00e9s, en application aux d\u00e9cisions du pr\u00e9sident de la r\u00e9publique \u00bb.\u00a0\u00a0\u00a0\u00a0\u00a0\u00a0\u00a0\u00a0\u00a0<\/div>\n<\/div>\n<p>Auteur: Nadine<br \/>\n<a href=\"https:\/\/www.reflexiondz.net\/SONELGAZ-Suspension-des-coupures-pour-non-paiement-des-factures_a61427.html\">Cliquez ici pour lire l&rsquo;article depuis sa source.<\/a><\/p>\n","protected":false},"excerpt":{"rendered":"<p>Le P-DG de Sonelgaz Chahar Boulakhras a confirm\u00e9 la suspension momentan\u00e9e des proc\u00e9dures de coupure d\u2019\u00e9lectricit\u00e9 et du gaz pour non-paiement des factures en cette p\u00e9riode de crise sanitaire. Lors d\u2019une conf\u00e9rence de presse, le P-DG de la Sonelgaz a appel\u00e9 les citoyens \u00e0 \u00e9viter de se d\u00e9placer aux agences, et \u00e0 appeler le 3303 [&hellip;]<\/p>\n","protected":false},"author":1740,"featured_media":0,"comment_status":"closed","ping_status":"closed","sticky":false,"template":"","format":"standard","meta":{"fifu_image_url":"","fifu_image_alt":"","footnotes":""},"categories":[53,76],"tags":[],"class_list":["post-79782","post","type-post","status-publish","format-standard","hentry","category-algerie","category-regions"],"_links":{"self":[{"href":"https:\/\/linitiative.ca\/International\/wp-json\/wp\/v2\/posts\/79782","targetHints":{"allow":["GET"]}}],"collection":[{"href":"https:\/\/linitiative.ca\/International\/wp-json\/wp\/v2\/posts"}],"about":[{"href":"https:\/\/linitiative.ca\/International\/wp-json\/wp\/v2\/types\/post"}],"author":[{"embeddable":true,"href":"https:\/\/linitiative.ca\/International\/wp-json\/wp\/v2\/users\/1740"}],"replies":[{"embeddable":true,"href":"https:\/\/linitiative.ca\/International\/wp-json\/wp\/v2\/comments?post=79782"}],"version-history":[{"count":0,"href":"https:\/\/linitiative.ca\/International\/wp-json\/wp\/v2\/posts\/79782\/revisions"}],"wp:attachment":[{"href":"https:\/\/linitiative.ca\/International\/wp-json\/wp\/v2\/media?parent=79782"}],"wp:term":[{"taxonomy":"category","embeddable":true,"href":"https:\/\/linitiative.ca\/International\/wp-json\/wp\/v2\/categories?post=79782"},{"taxonomy":"post_tag","embeddable":true,"href":"https:\/\/linitiative.ca\/International\/wp-json\/wp\/v2\/tags?post=79782"}],"curies":[{"name":"wp","href":"https:\/\/api.w.org\/{rel}","templated":true}]}}