{"id":79784,"date":"2020-03-22T05:08:15","date_gmt":"2020-03-22T09:08:15","guid":{"rendered":"https:\/\/linitiative.ca\/International\/epidemie-de-coronavirus-la-solidarite-sorganise-sur-les-reseaux-sociaux\/"},"modified":"2020-03-22T05:08:15","modified_gmt":"2020-03-22T09:08:15","slug":"epidemie-de-coronavirus-la-solidarite-sorganise-sur-les-reseaux-sociaux","status":"publish","type":"post","link":"https:\/\/linitiative.ca\/International\/epidemie-de-coronavirus-la-solidarite-sorganise-sur-les-reseaux-sociaux\/","title":{"rendered":"Epid\u00e9mie de Coronavirus : La solidarit\u00e9 s\u2019organise sur les r\u00e9seaux sociaux"},"content":{"rendered":"<h4 class=\"title-14\"\/>\n<div class=\"featured_image\"><img loading=\"lazy\" decoding=\"async\" width=\"800\" height=\"523\" src=\"https:\/\/www.elwatan.com\/wp-content\/uploads\/2020\/03\/FB.gif\" class=\"attachment-post-thumbnail size-post-thumbnail wp-post-image\" alt=\"\"\/><\/div>\n<p class=\"p4\"><span class=\"s1\"><strong>De nombreuses initiatives se d\u00e9veloppent sur les r\u00e9seaux sociaux. En quelques jours, plusieurs groupes ou pages de ce genre ont vu le jour sur Facebook.<\/strong><\/span><\/p>\n<p class=\"p4\"><span class=\"s1\"><strong>L<\/strong><\/span><span class=\"s1\">es Alg\u00e9riens se mobilisent pour organiser la solidarit\u00e9 et l\u2019entraide face \u00e0 la propagation du nouveau coronavirus, qui a d\u00e9j\u00e0 contamin\u00e9 pr\u00e8s d\u2019une centaine de personnes. De nombreuses initiatives se d\u00e9veloppent sur les r\u00e9seaux sociaux. En quelques jours, plusieurs groupes ou pages ont vu le jour sur Facebook.<\/span><\/p>\n<p class=\"p7\"><span class=\"s1\">A titre d\u2019exemple, le groupe Facebook \u00abSection logistique solidarit\u00e9 Alger coronavirus\u00bb permet aux internautes de s\u2019informer r\u00e9guli\u00e8rement sur l\u2019\u00e9volution de l\u2019\u00e9pid\u00e9mie en Alg\u00e9rie. Quelques jours apr\u00e8s sa cr\u00e9ation, le groupe compte pr\u00e8s de 6000 membres.<\/span><\/p>\n<p class=\"p7\"><span class=\"s1\">On y relaye aussi des vid\u00e9os des professionnels de la sant\u00e9 qui prodiguent des conseils sur les gestes de pr\u00e9vention \u00e0 adopter afin de limiter la propagation du coronavirus, qualifi\u00e9 d\u2019<em>\u00abennemi de l\u2019humanit\u00e9\u00bb<\/em> par l\u2019Organisation mondiale de la sant\u00e9.<\/span><\/p>\n<p class=\"p7\"><span class=\"s1\">D\u2019autres insistent sur le strict respect des mesures de pr\u00e9vention recommand\u00e9es par les pouvoirs publics. <em>\u00abLes h\u00f4pitaux en Alg\u00e9rie manquent de tout et le corps m\u00e9dical fait le maximum. SVP, aidez-les en restant chez vous et en incitant votre entourage \u00e0 en faire autant\u00bb<\/em>, a soulign\u00e9 un internaute.<\/span><\/p>\n<p class=\"p7\"><span class=\"s1\">Des membres du groupe proposent d\u2019aller faire les courses ou \u00e0 la pharmacie, principalement pour les personnes \u00e2g\u00e9es. <em>\u00abN\u2019oublions pas que ce sont les plus vuln\u00e9rables\u00bb<\/em>, a lanc\u00e9 un membre du groupe. Un autre membre s\u2019est propos\u00e9 de pr\u00e9parer et de livrer gratuitement des repas pour les soignants.<\/span><\/p>\n<p class=\"p7\"><span class=\"s1\"><em>\u00abPour le personnel m\u00e9dical et param\u00e9dical de A\u00efn Taya, Heuraoua, Rouiba et Surcouf, mobilis\u00e9s dans le cadre de la pr\u00e9vention contre le Covid-19, nous pr\u00e9parons et livrons gratuitement des repas, boissons chaudes et fra\u00eeches de 9h \u00e0 22h\u00bb,<\/em> \u00e9crit-il. Une initiative chaudement salu\u00e9e.<\/span><\/p>\n<p class=\"p7\"><span class=\"s1\">La mobilisation s\u2019organise aussi pour r\u00e9clamer une \u00abchambre\u00bb pour les professionnels de sant\u00e9, en premi\u00e8re ligne face au coronavirus qui a fait plus de 11 0000 morts dans le monde depuis son apparition en d\u00e9cembre, en Chine. <em>\u00abLes blouses blanches doivent pouvoir se reposer dans des conditions de confort et de s\u00e9curit\u00e9 absolue, sans pour autant mettre en danger leurs familles et leurs proches contre tout risque d\u2019infection.<\/em><\/span><\/p>\n<p class=\"p7\"><span class=\"s1\"><em>Nous appelons \u00e0 la r\u00e9quisition des structures h\u00f4teli\u00e8res<\/em> <em>ainsi que les r\u00e9sidences officielles dans toutes les wilayas du pays ainsi que la mise \u00e0 disposition de moyens de transport entre les sites d\u2019h\u00e9bergement et les structures hospitali\u00e8res\u00bb<\/em>, ont \u00e9crit les auteurs d\u2019une p\u00e9tition mise en ligne, qui a d\u00e9j\u00e0 r\u00e9uni plus de 120 signatures.<\/span><\/p>\n<p class=\"p7\"><span class=\"s1\">M\u00e9decins et infirmiers comptent \u00e9galement sur la solidarit\u00e9 des particuliers. Sur Internet, les appels aux dons continuent d\u2019\u00eatre relay\u00e9s sur les r\u00e9seaux sociaux. <em>\u00abConfr\u00e8res, cons\u0153urs, amis distributeurs et concitoyens, nos h\u00f4pitaux ont besoin de vos dons : gants, masques FFP2, bavettes, gels hydroalcoolique, savons liquides, tenues de protection jetables\u00bb,<\/em> proclame un appel d\u2019urgence lanc\u00e9 par un m\u00e9decin alg\u00e9rien via Facebook.<\/span><\/p>\n<p class=\"p7\"><span class=\"s1\">Sur la page \u00abUnis contre le coronavirus en Alg\u00e9rie\u00bb, c\u2019est surtout le partage d\u2019informations qui prime. On y relaye de nombreux messages de pr\u00e9vention.<\/span><\/p>\n<p class=\"p7\"><span class=\"s1\"><em>\u00abNon au suicide collectif ! Restez chez vous ! Prot\u00e9gez la vie de vos parents et de vos proches\u00bb<\/em>, proclame un message publi\u00e9 sur cette page, qui regroupe plus de 25\u00a0000 membres. Par ailleurs, des campagnes de nettoyage des immeubles, des trottoirs et des espaces publics ont \u00e9t\u00e9 lanc\u00e9es par des jeunes \u00e0 travers de nombreuses r\u00e9gions du pays.<\/span><\/p>\n<p><span class=\"post-views-label\">Post Views:<\/span> <span class=\"post-views-count\">1\u00a0464<\/span><\/p>\n<p><br class=\"c2\"\/><br class=\"c6\"\/><\/p>\n<p>Auteur: Anis Khecheba<br \/>\n<a href=\"https:\/\/www.elwatan.com\/edition\/actualite\/epidemie-de-coronavirus-la-solidarite-sorganise-sur-les-reseaux-sociaux-22-03-2020\">Cliquez ici pour lire l&rsquo;article depuis sa source.<\/a><\/p>\n","protected":false},"excerpt":{"rendered":"<p>De nombreuses initiatives se d\u00e9veloppent sur les r\u00e9seaux sociaux. En quelques jours, plusieurs groupes ou pages de ce genre ont vu le jour sur Facebook. Les Alg\u00e9riens se mobilisent pour organiser la solidarit\u00e9 et l\u2019entraide face \u00e0 la propagation du nouveau coronavirus, qui a d\u00e9j\u00e0 contamin\u00e9 pr\u00e8s d\u2019une centaine de personnes. De nombreuses initiatives se [&hellip;]<\/p>\n","protected":false},"author":1743,"featured_media":79785,"comment_status":"closed","ping_status":"closed","sticky":false,"template":"","format":"standard","meta":{"fifu_image_url":"","fifu_image_alt":"","footnotes":""},"categories":[73,53],"tags":[],"class_list":["post-79784","post","type-post","status-publish","format-standard","has-post-thumbnail","hentry","category-actualite","category-algerie"],"_links":{"self":[{"href":"https:\/\/linitiative.ca\/International\/wp-json\/wp\/v2\/posts\/79784","targetHints":{"allow":["GET"]}}],"collection":[{"href":"https:\/\/linitiative.ca\/International\/wp-json\/wp\/v2\/posts"}],"about":[{"href":"https:\/\/linitiative.ca\/International\/wp-json\/wp\/v2\/types\/post"}],"author":[{"embeddable":true,"href":"https:\/\/linitiative.ca\/International\/wp-json\/wp\/v2\/users\/1743"}],"replies":[{"embeddable":true,"href":"https:\/\/linitiative.ca\/International\/wp-json\/wp\/v2\/comments?post=79784"}],"version-history":[{"count":0,"href":"https:\/\/linitiative.ca\/International\/wp-json\/wp\/v2\/posts\/79784\/revisions"}],"wp:featuredmedia":[{"embeddable":true,"href":"https:\/\/linitiative.ca\/International\/wp-json\/"}],"wp:attachment":[{"href":"https:\/\/linitiative.ca\/International\/wp-json\/wp\/v2\/media?parent=79784"}],"wp:term":[{"taxonomy":"category","embeddable":true,"href":"https:\/\/linitiative.ca\/International\/wp-json\/wp\/v2\/categories?post=79784"},{"taxonomy":"post_tag","embeddable":true,"href":"https:\/\/linitiative.ca\/International\/wp-json\/wp\/v2\/tags?post=79784"}],"curies":[{"name":"wp","href":"https:\/\/api.w.org\/{rel}","templated":true}]}}