{"id":79786,"date":"2020-03-22T05:08:19","date_gmt":"2020-03-22T09:08:19","guid":{"rendered":"https:\/\/linitiative.ca\/International\/les-professionnels-des-soins-demandent-des-conditions-de-travail-acceptables-et-des-moyens-de-protection\/"},"modified":"2020-03-22T05:08:19","modified_gmt":"2020-03-22T09:08:19","slug":"les-professionnels-des-soins-demandent-des-conditions-de-travail-acceptables-et-des-moyens-de-protection","status":"publish","type":"post","link":"https:\/\/linitiative.ca\/International\/les-professionnels-des-soins-demandent-des-conditions-de-travail-acceptables-et-des-moyens-de-protection\/","title":{"rendered":"\u00abLes professionnels des soins demandent des conditions de travail acceptables et des moyens de protection\u00bb"},"content":{"rendered":"<h4 class=\"title-14\">Lyes Merabet. pr\u00e9sident du Syndicat national des praticiens de la sant\u00e9 publique (SNPSP)<\/h4>\n<div class=\"featured_image\"><img loading=\"lazy\" decoding=\"async\" width=\"300\" height=\"307\" src=\"https:\/\/www.elwatan.com\/wp-content\/uploads\/2020\/03\/merabet-col.gif\" class=\"attachment-post-thumbnail size-post-thumbnail wp-post-image\" alt=\"\"\/><\/div>\n<p class=\"p4\"><em><strong><span class=\"s2\">\u2013 Des m\u00e9decins sont sortis de leur silence pour d\u00e9noncer et lancer un SOS. Ils se plaignent du manque du mat\u00e9riel le plus \u00e9l\u00e9mentaire pour la prise en charge des malades et faire face au coronavirus, et ce, au moment o\u00f9 les pouvoirs publics parlent de la disponibilit\u00e9 des moyens. Qu\u2019en est-il\u00a0?<\/span><\/strong><\/em><\/p>\n<p class=\"p4\"><span class=\"s2\">Il y a tout simplement deux situations distinctes, celle des statistiques, des chiffres r\u00e9els ou pr\u00e9visionnels annonc\u00e9s par l\u2019autorit\u00e9 publique et il y a la r\u00e9alit\u00e9 du terrain avec les dysfonctionnements constat\u00e9s chaque jour par les professionnels de la sant\u00e9, tant au plan de l\u2019organisation et de la coordination dans la mise en place du plan Orsec d\u2019urgence sanitaire.<\/span><\/p>\n<p class=\"p4\"><span class=\"s2\">On ne peut que confirmer et d\u00e9noncer le manque en moyens essentiels \u00e0 un exercice \u00abs\u00e9curis\u00e9\u00bb pour l\u2019ensemble des personnels soignants directement ou indirectement expos\u00e9s au risque de contamination face \u00e0 l\u2019\u00e9pid\u00e9mie de Covid-19, tel que les masques antiprojections (bavettes chirurgicales), les masques de protection respiratoire individuelle (type FFP2), des tenues de travail en quantit\u00e9 suffisante, des \u00absur-blouses\u00bb et des gants jetables, du gel ou solution hydroalcooliques de d\u00e9sinfection, des produits d\u2019hygi\u00e8ne pour le traitement des sols et des surfaces.<\/span><\/p>\n<p class=\"p4\"><span class=\"s2\">Cette situation et d\u2019autres ont \u00e9t\u00e9 expos\u00e9es par le bureau national du SNPSP aux responsables du minist\u00e8re de la Sant\u00e9 lors de la r\u00e9union de la commission mixte centrale tenue le 11 mars 2020.<\/span><\/p>\n<p class=\"p4\"><em><strong><span class=\"s2\">\u2013 Le pr\u00e9sident Tebboune parle de la disponibilit\u00e9 de lits, chose que viennent de d\u00e9mentir des m\u00e9decins. L\u2019h\u00f4pital Maillot, deuxi\u00e8me grand CHU d\u2019Alger,<span class=\"Apple-converted-space\">\u00a0<\/span> ne dispose que de 6 lits \u00e9quip\u00e9s. O\u00f9 est la v\u00e9rit\u00e9\u00a0?<\/span><\/strong><\/em><\/p>\n<p class=\"p4\"><span class=\"s2\">Nous avons notamment relev\u00e9 l\u2019\u00e9volution tr\u00e8s significative entre les chiffres annonc\u00e9s par le minist\u00e8re charg\u00e9 du secteur de la Sant\u00e9 (qui chapeaute le plan d\u2019action sanitaire) et ceux pr\u00e9sent\u00e9s par le pr\u00e9sident de la R\u00e9publique.<\/span><\/p>\n<p class=\"p4\"><span class=\"s2\">Il est l\u00e9gitime de s\u2019interroger \u00e0 ce niveau-l\u00e0 de la prise en charge et sur nos capacit\u00e9s \u00e0 faire face, si la situation \u00e9pid\u00e9mique se d\u00e9gradait rapidement, au d\u00e9ferlement continu de centaines, voire de milliers de cas compliqu\u00e9s, n\u00e9cessitant une prise en charge lourde en service de r\u00e9animation qui d\u00e9j\u00e0, en l\u2019\u00e9tat actuel des choses, fait d\u00e9faut.<\/span><\/p>\n<p class=\"p4\"><em><strong><span class=\"s2\">\u2013 Concr\u00e8tement, quelle est, \u00e0 votre avis, la d\u00e9marche la plus appropri\u00e9e \u00e0 suivre pour \u00e9viter la contamination et la propagation du virus\u00a0? Le confinement partiel est-il une solution\u00a0?<\/span><\/strong><\/em><\/p>\n<p class=\"p4\"><span class=\"s2\">Cela n\u2019a pas \u00e9t\u00e9 une solution dans des pays plus d\u00e9velopp\u00e9s et donc mieux organis\u00e9s que nous, je cite l\u2019Italie, l\u2019Espagne, la France\u2026 qui, comme nous, ont commenc\u00e9 par sous-estimer le risque sanitaire, puis \u00e0 mettre en place les segments du plan Orsec mais avec beaucoup d\u2019h\u00e9sitation et de tergiversation du fait aussi du d\u00e9bat politique, qui malheureusement s\u2019est impos\u00e9, au nom des libert\u00e9s d\u00e9mocratiques, sur les restrictions que pourraient induire certaines mesures, tels la mise en quarantaine ou le confinement sur les citoyens et la vie de la cit\u00e9.<\/span><\/p>\n<p class=\"p4\"><span class=\"s2\">Aujourd\u2019hui, le constat est sans appel pour ces pays que j\u2019ai cit\u00e9s, mais aussi pour d\u2019autres et le confinement g\u00e9n\u00e9ral et obligatoire a \u00e9t\u00e9 pratiquement d\u00e9cr\u00e9t\u00e9 pour tous. Personnellement, c\u2019est mon avis, et je le r\u00e9p\u00e8te depuis l\u2019entame de la troisi\u00e8me semaine de cette \u00e9pid\u00e9mie de Covid-19 chez nous pour deux raisons\u00a0:<\/span><\/p>\n<p class=\"p4\"><span class=\"s2\">\u2013 car c\u2019est gr\u00e2ce au confinement strict et s\u00e9v\u00e8re impos\u00e9 d\u00e8s la 3<sup>e<\/sup> semaine que la Chine a pu ma\u00eetriser la situation. Chose que les pays suscit\u00e9s n\u2019ont pas jug\u00e9 utile de faire au d\u00e9but et qu\u2019ils regrettent aujourd\u2019hui.<span class=\"Apple-converted-space\">\u00a0<\/span><\/span><\/p>\n<p class=\"p4\"><span class=\"s2\">\u2013 Notre syst\u00e8me de sant\u00e9 \u00e9tant d\u00e9j\u00e0 fragile, nous n\u2019avons pas les capacit\u00e9s mat\u00e9rielles et logistiques capables d\u2019absorber des besoins de sant\u00e9 qui risquent d\u2019augmenter de fa\u00e7on exponentielle.<\/span><\/p>\n<p class=\"p4\"><span class=\"s2\">Il est imp\u00e9ratif dans le confinement d\u2019isoler les cas av\u00e9r\u00e9s malades (confirm\u00e9s) et les sujets contacts fortement expos\u00e9s (tels les professionnels de sant\u00e9) de la population saine afin de casser efficacement la cha\u00eene de transmission.<\/span><\/p>\n<p class=\"p4\"><em><strong><span class=\"s2\">\u2013 Vous exercez dans un \u00e9tablissement public de sant\u00e9 \u00e0 Blida, la situation est-elle dramatique dans cette r\u00e9gion ?<\/span><\/strong><\/em><\/p>\n<p class=\"p7\"><span class=\"s2\">Plus exactement \u00e0 l\u2019EPSP de Larba\u00e2, dans la wilaya de Blida, la situation sanitaire reste tendue et pr\u00e9occupante au sein de la population, qui de jour en jour a pris conscience de la gravit\u00e9 de la situation, et nous remarquons cela dans le comportement des citoyens, dans les changements des habitudes de la vie de tous les jours mais aussi dans les actions des b\u00e9n\u00e9voles qui se mobilisent de plus en plus pour organiser au mieux et r\u00e9ussir le d\u00e9fi de la pr\u00e9vention, qui reste notre salut \u00e0 tous.<\/span><\/p>\n<p class=\"p7\"><span class=\"s2\">Les professionnels des soins eux, bien qu\u2019en alerte, mobilis\u00e9s et conscients de leur devoir dans cette \u00abguerre sanitaire\u00bb et qui sont d\u00e9j\u00e0 au front, demandent tout simplement des conditions de travail acceptables et des moyens de protection, ils sont inquiets par rapport \u00e0 leurs enfants, leurs familles qu\u2019ils veulent prot\u00e9ger et ils appellent s\u00e9rieusement les citoyens au respect strict des mesures de confinement pour ralentir la courbe de progression de l\u2019infection.<\/span><\/p>\n<p><span class=\"post-views-label\">Post Views:<\/span> <span class=\"post-views-count\">745<\/span><\/p>\n<p><br class=\"c2\"\/><br class=\"c6\"\/><\/p>\n<p>Auteur: Anis Khecheba<br \/>\n<a href=\"https:\/\/www.elwatan.com\/edition\/actualite\/les-professionnels-des-soins-demandent-des-conditions-de-travail-acceptables-et-des-moyens-de-protection-22-03-2020\">Cliquez ici pour lire l&rsquo;article depuis sa source.<\/a><\/p>\n","protected":false},"excerpt":{"rendered":"<p>Lyes Merabet. pr\u00e9sident du Syndicat national des praticiens de la sant\u00e9 publique (SNPSP) \u2013 Des m\u00e9decins sont sortis de leur silence pour d\u00e9noncer et lancer un SOS. Ils se plaignent du manque du mat\u00e9riel le plus \u00e9l\u00e9mentaire pour la prise en charge des malades et faire face au coronavirus, et ce, au moment o\u00f9 les [&hellip;]<\/p>\n","protected":false},"author":1743,"featured_media":79787,"comment_status":"closed","ping_status":"closed","sticky":false,"template":"","format":"standard","meta":{"fifu_image_url":"","fifu_image_alt":"","footnotes":""},"categories":[73,53],"tags":[],"class_list":["post-79786","post","type-post","status-publish","format-standard","has-post-thumbnail","hentry","category-actualite","category-algerie"],"_links":{"self":[{"href":"https:\/\/linitiative.ca\/International\/wp-json\/wp\/v2\/posts\/79786","targetHints":{"allow":["GET"]}}],"collection":[{"href":"https:\/\/linitiative.ca\/International\/wp-json\/wp\/v2\/posts"}],"about":[{"href":"https:\/\/linitiative.ca\/International\/wp-json\/wp\/v2\/types\/post"}],"author":[{"embeddable":true,"href":"https:\/\/linitiative.ca\/International\/wp-json\/wp\/v2\/users\/1743"}],"replies":[{"embeddable":true,"href":"https:\/\/linitiative.ca\/International\/wp-json\/wp\/v2\/comments?post=79786"}],"version-history":[{"count":0,"href":"https:\/\/linitiative.ca\/International\/wp-json\/wp\/v2\/posts\/79786\/revisions"}],"wp:featuredmedia":[{"embeddable":true,"href":"https:\/\/linitiative.ca\/International\/wp-json\/"}],"wp:attachment":[{"href":"https:\/\/linitiative.ca\/International\/wp-json\/wp\/v2\/media?parent=79786"}],"wp:term":[{"taxonomy":"category","embeddable":true,"href":"https:\/\/linitiative.ca\/International\/wp-json\/wp\/v2\/categories?post=79786"},{"taxonomy":"post_tag","embeddable":true,"href":"https:\/\/linitiative.ca\/International\/wp-json\/wp\/v2\/tags?post=79786"}],"curies":[{"name":"wp","href":"https:\/\/api.w.org\/{rel}","templated":true}]}}