{"id":79788,"date":"2020-03-22T05:09:26","date_gmt":"2020-03-22T09:09:26","guid":{"rendered":"https:\/\/linitiative.ca\/International\/temoignages-de-praticiens-de-la-sante-au-front-medecins-face-au-corona\/"},"modified":"2020-03-22T05:09:26","modified_gmt":"2020-03-22T09:09:26","slug":"temoignages-de-praticiens-de-la-sante-au-front-medecins-face-au-corona","status":"publish","type":"post","link":"https:\/\/linitiative.ca\/International\/temoignages-de-praticiens-de-la-sante-au-front-medecins-face-au-corona\/","title":{"rendered":"T\u00e9moignages de Praticiens de la sant\u00e9 au front : M\u00e9decins face au Corona"},"content":{"rendered":"<h4 class=\"title-14\"\/>\n<div class=\"featured_image\"><img loading=\"lazy\" decoding=\"async\" width=\"1000\" height=\"699\" src=\"https:\/\/www.elwatan.com\/wp-content\/uploads\/2020\/03\/BOUFARIK.gif\" class=\"attachment-post-thumbnail size-post-thumbnail wp-post-image\" alt=\"\"\/><\/div>\n<p class=\"p3\"><span class=\"s1\"><strong>Dans les services o\u00f9 le feu est d\u00e9j\u00e0 en la demeure, \u00e0 l\u2019exemple du service infectiologie de Boufarik, les m\u00e9decins affrontent l\u2019incendie sans sourciller.<\/strong><\/span><\/p>\n<p class=\"p5\"><span class=\"s1\"><strong>C<\/strong><\/span><em>\u2019est comme si on nous annon\u00e7ait un bombardement imminent et qu\u2019on se retrouve p\u00e9trifi\u00e9s, d\u00e9munis, les bras ballants.\u00bb<\/em> C\u2019est ainsi qu\u2019un m\u00e9decin sp\u00e9cialiste exer\u00e7ant dans un important h\u00f4pital alg\u00e9rois r\u00e9sume la situation.<\/p>\n<p class=\"p6\">Le personnel m\u00e9dical dans les centres hospitaliers \u00e9voque la\u00a0d\u00e9sorganisation et le peu de moyens de protection qu\u2019ils subissent. Les mots trahissent la panique.<\/p>\n<p class=\"p6\"><em>\u00abChaque jour, je vais au travail, la peur au ventre\u00bb<\/em>, nous dit Djazia, anesth\u00e9siste dans un service de gyn\u00e9cologie. <em>\u00abOn veut qu\u2019on se batte contre un mal sans nous donner les armes pour le faire\u00bb<\/em>, peste Lilya, activant dans un service d\u2019ophtalmologie.<\/p>\n<p class=\"p6\"><em>\u00abCe sont les m\u00e9decins les plus consciencieux qui vont payer les frais de la d\u00e9faillance de notre syst\u00e8me\u00bb<\/em>, glisse une sp\u00e9cialiste en rhumatologie.<\/p>\n<p class=\"p6\">Dans les services o\u00f9 le feu est d\u00e9j\u00e0 en la demeure, \u00e0 l\u2019exemple du service infectiologie de Boufarik, les m\u00e9decins affrontent l\u2019incendie sans sourciller.<\/p>\n<p class=\"p6\">L\u2019une des infectiologues de ce service t\u00e9moigne \u00e0 <em>El Watan<\/em>\u00a0: <em>\u00abApr\u00e8s avoir \u00e9t\u00e9 confront\u00e9s \u00e0\u00a0des patients atteints du Covid-19 et des cas suspects, \u00e0 un moment donn\u00e9, on ne r\u00e9fl\u00e9chit plus, on se l\u00e8ve, on perd la notion du temps, puis on rentre, fatigu\u00e9s et \u00e9c\u0153ur\u00e9s avec le sentiment de ne pas en avoir fait assez.\u00bb<\/em><\/p>\n<p class=\"p6\">Sur le plan mat\u00e9riel, le service ne souffre, pour l\u2019instant, aucune insuffisance. Mais c\u2019est sur le plan du circuit des malades que la gestion p\u00e8che par manque de professionnalisme.<\/p>\n<p class=\"p6\">La cellule de crise des services d\u2019\u00e9pid\u00e9miologie a la t\u00e2che de se d\u00e9placer au lieu de l\u2019habitant pour d\u00e9tecter les personnes infect\u00e9es en contact avec des cas positifs au Covid-19. La machine n\u2019\u00e9tant pas encore bien huil\u00e9e, ce sont les malades eux-m\u00eames qui contactent leurs proches pour leur demander de se pr\u00e9senter au service infectiologie de Boufarik.<\/p>\n<p class=\"p6\"><em>\u00abDu coup, on se retrouve avec des patients paniqu\u00e9s qu\u2019il est tr\u00e8s difficile de g\u00e9rer. Nous avons beau leur expliquer qu\u2019il ne sert \u00e0 rien d\u2019effectuer un pr\u00e9l\u00e8vement s\u2019ils sont asymptomatiques et qu\u2019il leur suffit de rester confin\u00e9s chez eux, en vain, ils veulent \u00e0 tout prix faire le test, comme si c\u2019\u00e9tait l\u00e0 quelque chose de salvateur\u00bb<\/em>, t\u00e9moigne notre infectiologue.<\/p>\n<p class=\"p6\"><strong><span class=\"s3\">Manque d\u2019information<\/span><\/strong><\/p>\n<p class=\"p6\">A cela s\u2019ajoute le fait qu\u2019il n\u2019y a pas de coordination au niveau r\u00e9gional et que les m\u00e9decins travaillant dans ce foyer d\u2019infection ne savent pas \u00e0 quel saint se vouer lorsqu\u2019ils sont confront\u00e9s \u00e0 des patients en d\u00e9tresse respiratoire.<\/p>\n<p class=\"p6\"><em>\u00abLe fait est,<\/em> dit notre m\u00e9decin<em>, que le service infectiologie n\u2019est pas suffisamment pourvu en r\u00e9animateurs, mais nous recevons sans cesse des personnes qui en ont besoin.<\/em><\/p>\n<p class=\"p6\"><em>Souvent, nous ne savons pas o\u00f9 les envoyer\u00bb<\/em>, explique-t-elle. Le manque d\u2019information est tel, qu\u2019ils n\u2019ont aucune id\u00e9e du travail du centre de tri de Blida, inaugur\u00e9 r\u00e9cemment par le Premier ministre. <em>\u00abNous recevons continuellement des malades de Blida et de toutes les r\u00e9gions environnantes\u00bb<\/em>, dit celle qui encha\u00eene les heures de travail sans discontinuer.<\/p>\n<p class=\"p6\">Jeudi \u00e0 16h, il y avait 17 cas positifs au Covid-19 dans le service de Boufarik. Beaucoup d\u2019entre eux appartiennent \u00e0 la m\u00eame famille, ayant \u00e9t\u00e9 infect\u00e9s lors d\u2019une f\u00eate de mariage ou d\u2019un enterrement.<\/p>\n<p class=\"p6\">Pour faire de la place, il a fallu r\u00e9quisitionner les services de m\u00e9decine interne et un pan des services de chirurgie g\u00e9n\u00e9rale et de p\u00e9diatrie. Pour autant, et pendant de longues semaines, les infectiologues ont \u00e9t\u00e9 seuls au front, peu aid\u00e9s par leurs confr\u00e8res. <em>\u00abCe n\u2019est que cette semaine que nous avons eu un peu de renfort\u00bb<\/em>, glisse notre interlocutrice.<\/p>\n<p class=\"p6\">Elle poursuit, optimiste : <em>\u00abA Boufarik, il y avait des failles, avant l\u2019apparition de la maladie. Aujourd\u2019hui, la crise est l\u00e0, mais il y a la possibilit\u00e9 de g\u00e9rer la situation, \u00e0 condition de s\u2019organiser.\u00bb<\/em>\u00a0Pour l\u2019heure, des pr\u00e9cautions ont \u00e9t\u00e9 prises pour le service des consultations, en pla\u00e7ant des bancs \u00e0 l\u2019ext\u00e9rieur.<\/p>\n<p class=\"p6\"><em>\u00abLes patients que nous recevons sont extr\u00eamement stress\u00e9s, ils veulent tous passer en premier, ce qui cause des tensions et des bagarres\u00bb<\/em>, confie-t-elle. Certains viennent m\u00eame pour chercher un papier \u00e0 montrer \u00e0 leur employeur, prouvant qu\u2019ils ne sont pas atteints du virus.<\/p>\n<p class=\"p6\">La panique est g\u00e9n\u00e9rale.\u00a0A l\u2019int\u00e9rieur du service, les malades atteints du Covid-19 sont angoiss\u00e9s \u00e0 force de lire des informations contradictoires sur internet.<\/p>\n<p class=\"p6\">C\u2019est de l\u00e0 qu\u2019un patient suspect s\u2019\u00e9tait enfui en bravant le barreaudage. <em>\u00abCe patient \u00e9tait asymptomatique mais, \u00e0 un moment, il a eu des vomissements. C\u2019est peut-\u00eatre l\u2019\u00e9l\u00e9ment d\u00e9clencheur de son geste\u00bb<\/em>, explique-t-elle.\u00a0Evidemment, le stress a \u00e9galement gagn\u00e9 les m\u00e9decins.<\/p>\n<p class=\"p6\"><em>\u00abCela est d\u2019autant plus p\u00e9nible,<\/em> dit-elle, <em>que nous devons aussi g\u00e9rer des situations stressantes dans nos vies, comme de trouver une nourrice pour nos enfants, car les cr\u00e8ches ont ferm\u00e9, ou de trouver un moyen de transport, car les trains et les bus sont suspendus.\u00bb<\/em><\/p>\n<p class=\"p6\">Oui, n\u2019importe quel militaire vous le dira : le secret pour remporter une bataille r\u00e9side dans l\u2019art de l\u2019anticipation. Si certaines mesures ont \u00e9t\u00e9 prises\u00a0d\u00e8s le mois de janvier, les h\u00f4pitaux font clairement face \u00e0 des difficult\u00e9s logistiques.<\/p>\n<p class=\"p6\"><strong><span class=\"s3\">\u00abCette crise va les mettre \u00e0 nu\u00bb<\/span><\/strong><\/p>\n<p class=\"p6\">Dans les Epsp situ\u00e9s \u00e0 l\u2019int\u00e9rieur du pays, la situation a \u00e9t\u00e9 prise en main avant l\u2019apparition de cas en Alg\u00e9rie. <em>\u00abD\u00e8s janvier, la direction de la sant\u00e9 nous a convoqu\u00e9s pour \u00e9tablir un plan de travail. Malgr\u00e9 tout cela, nous avons quand m\u00eame \u00e9t\u00e9 pris de court\u00bb<\/em>, explique une infectiologue travaillant au sein d\u2019un Epsp \u00e0 l\u2019int\u00e9rieur du pays.<\/p>\n<p class=\"p6\">Elle souligne que m\u00eame si son responsable hi\u00e9rarchique fait des pieds et des mains pour se procurer le mat\u00e9riel n\u00e9cessaire, il se heurte parfois aux lenteurs administratives et aux desiderata des responsables de la PCH (Pharmacie centrale des h\u00f4pitaux). <em>\u00abSouvent, les difficult\u00e9s rencontr\u00e9es par les m\u00e9decins sont li\u00e9es au fait que les autorit\u00e9s comp\u00e9tentes et les responsables ne s\u2019impliquent pas suffisamment. Les gens ne font pas leur travail correctement.<\/em><\/p>\n<p class=\"p6\"><em>Cette crise va les mettre \u00e0 nu\u00bb<\/em>, pr\u00e9dit-elle. Pour ce qui est des kits de d\u00e9pistage, cette infectiologue affirme qu\u2019ils sont disponibles \u00e0 son niveau, mais que le souci r\u00e9side dans le fait que les r\u00e9sultats sont encore centralis\u00e9s \u00e0 l\u2019Institut Pasteur. <em>\u00abLe fait est que l\u2019Institut Pasteur subit une pression \u00e9norme et qu\u2019il travaille 24h\/24.<\/em><\/p>\n<p class=\"p6\"><em>Il est aujourd\u2019hui d\u00e9pass\u00e9, mais comme nous d\u00e9pendons de lui, nous enregistrons, nous aussi, du retard\u00bb<\/em>, pr\u00e9cise-t-elle, en soulignant que les tests, selon la circulaire du minist\u00e8re, sont strictement r\u00e9serv\u00e9s aux personnes symptomatiques ayant s\u00e9journ\u00e9 dans les pays \u00e0 risque ou ayant \u00e9t\u00e9 en contact avec des cas positifs au Covid-19. Cette cheffe d\u2019\u00e9quipe souligne que m\u00e9decins et infirmiers sont mobilis\u00e9s pour affronter la propagation de la maladie.<\/p>\n<p class=\"p6\"><em>\u00abJ\u2019ai envoy\u00e9 mes enfants chez mes parents pour pouvoir me d\u00e9vouer \u00e0 cette mission. Etant la cheffe d\u2019\u00e9quipe, je dois aussi permettre aux personnes qui exercent avec moi d\u2019effectuer leur travail dans les meilleures conditions possibles\u00bb<\/em>, promet-elle.\u00a0Souvent, les m\u00e9decins disent faire face \u00e0 deux types de situations diam\u00e9tralement oppos\u00e9es : il y a, d\u2019un c\u00f4t\u00e9, une peur excessive et, de l\u2019autre, une d\u00e9sinvolture inqui\u00e9tante.<\/p>\n<p class=\"p6\">Sur le terrain, ce que les m\u00e9decins appellent dans leur jargon <em>\u00able programme froid\u00bb<\/em> a \u00e9t\u00e9 suspendu. Les op\u00e9rations qui n\u2019entament pas le processus vital du patient ont \u00e9t\u00e9 report\u00e9es sine die.<\/p>\n<p class=\"p6\">Et bon nombre de services, tels que la rhumatologie et la dermatologie, ont \u00e9t\u00e9 vid\u00e9s et r\u00e9serv\u00e9s en cas de mise en quarantaine. <em>\u00abLes patients se sont montr\u00e9s tr\u00e8s compr\u00e9hensifs\u00bb<\/em>, commente un m\u00e9decin en rhumatologie.<\/p>\n<p class=\"p6\">Les grands h\u00f4pitaux, tels que Mustapha Bacha d\u2019Alger-Centre, Henri Maillot de Bab El Oued et El Kettar, ont mis en place des services de consultations r\u00e9serv\u00e9s au Covid-19. Bon nombre d\u2019Epsp ont \u00e9galement mis sur pied des salles r\u00e9serv\u00e9es au corona.\u00a0Ces services, initialement g\u00e9r\u00e9s par les m\u00e9decins infectiologues et pneumologues, ont \u00e9largi le roulement et les\u00a0gardes aux r\u00e9sidents de toutes les sp\u00e9cialit\u00e9s.<\/p>\n<p class=\"p6\"><em>\u00abSi, de mani\u00e8re g\u00e9n\u00e9rale, tout se passe bien dans les services o\u00f9 il y a peu de monde. En bioth\u00e9rapie, par exemple, les patients se pr\u00e9sentent un \u00e0 un en respectant la distance de s\u00e9curit\u00e9.<\/em><\/p>\n<p class=\"p6\"><em>Mais dans les services o\u00f9 il y a un afflux important de malades, tels que les consultations corona, qui ont connu des pics de centaines de personnes par jour, c\u2019est l\u2019anarchie. Et il est difficile de r\u00e9guler, car les gens sont sur les nerfs et ils veulent tous passer en premier\u00bb<\/em>, dit un m\u00e9decin-r\u00e9sident exer\u00e7ant \u00e0 l\u2019h\u00f4pital Mustapha.<\/p>\n<p class=\"p6\"><strong>\u00abJ\u2019ai d\u00fb faire plusieurs pharmacies pour m\u2019en procurer\u00bb<\/strong><\/p>\n<p class=\"p9\">Ces conditions de travail, en plus du rationnement des masques, indispensables \u00e0 la protection des professionnels de la sant\u00e9, font sortir le personnel de ses gonds. <em>\u00abNous avons droit \u00e0 un seul masque par semaine, sachant qu\u2019il en faut au moins trois pour tenir la journ\u00e9e.<\/em><\/p>\n<p class=\"p6\"><em>J\u2019ai d\u00fb faire plusieurs pharmacies pour m\u2019en procurer, mais les stocks \u00e9taient \u00e9puis\u00e9s. Alors quand j\u2019ai vu des gamins jouer avec des masques et des gants dans la rue, j\u2019ai \u00e9t\u00e9\u00a0\u00a0d\u00e9gout\u00e9\u00bb<\/em>, lance un m\u00e9decin rhumatologue. <em>\u00abA l\u2019h\u00f4pital Parnet, nous avons droit \u00e0 une bavette par jour. Par contre, on nous demande d\u2019utiliser les gants uniquement pour les gestes m\u00e9dicaux, pas pour nous prot\u00e9ger\u00bb<\/em>, explique une anesth\u00e9siste.<\/p>\n<p class=\"p6\">Seul le personnel au front du Covid-19, travaillant dans les services directement touch\u00e9s (consultations sp\u00e9cialis\u00e9es Covid-19, infectiologie, pneumologie), ont eu droit \u00e0 ces produits pr\u00e9cieux et rares que sont les masques FFP1, FFP2 et tenues de protection. C\u2019est l\u00e0 la moindre des pr\u00e9cautions et le personnel m\u00e9dical demande \u00e0 ce que cela soit \u00e9tendu \u00e0 tous les services. Les syndicats commencent \u00e0 donner de la voix pour r\u00e9percuter la col\u00e8re et l\u2019inqui\u00e9tude des professionnels de la sant\u00e9.<\/p>\n<p class=\"p6\">La tension est d\u2019autant plus palpable que les couloirs des h\u00f4pitaux et les r\u00e9seaux sociaux rapportent des cas de m\u00e9decins (une interne d\u2019El Kettar, une r\u00e9sidente et une r\u00e9animatrice) qui ont \u00e9t\u00e9 confront\u00e9s au Covid-19 sans protection. <em>\u00abLe fait est\u00a0que les patients ne disent pas qu\u2019ils ont \u00e9t\u00e9 en contact avec des cas suspects.<\/em><\/p>\n<p class=\"p6\"><em>Aussi est-il imp\u00e9ratif de doter les m\u00e9decins et le personnel m\u00e9dical de moyens de protection (masques et camisoles), sans oublier les pompiers,\u00a0\u00a0le Samu et les m\u00e9decins priv\u00e9s qui continuent de travailler\u00bb<\/em>, nous dit une infectiologue.<br \/>Et puis, il est des situations o\u00f9 les m\u00e9decins\u00a0ne savent pas s\u2019ils doivent en rire ou en pleurer.<\/p>\n<p class=\"p6\">Comme lorsqu\u2019on leur ram\u00e8ne des patients de Blida pour v\u00e9rifier qu\u2019ils n\u2019ont pas le virus avant de les h\u00e9berger chez eux.<\/p>\n<blockquote readability=\"20\">\n<p class=\"p1\"><strong><span class=\"s1\">15 d\u00e9c\u00e8s et 139 cas confirm\u00e9s positifs<\/span><\/strong><\/p>\n<p class=\"p3\">Apr\u00e8s quarante heures de black-out sur l\u2019information portant le bilan des cas confirm\u00e9s au Covid-19, laissant les r\u00e9seaux sociaux sp\u00e9culer sur le nombre de d\u00e9c\u00e8s et de cas confirm\u00e9s, le minist\u00e8re de la Sant\u00e9 a enfin communiqu\u00e9 hier, en fin d\u2019apr\u00e8s-midi.<\/p>\n<p class=\"p3\">L\u2019Alg\u00e9rie a donc enregistr\u00e9 15 d\u00e9c\u00e8s et 139 cas positifs, dont 22 personnes sont gu\u00e9ries. La m\u00eame source signale que 34 patients suspects sont toujours hospitalis\u00e9s \u00e0 travers diff\u00e9rents h\u00f4pitaux. La moyenne d\u2019\u00e2ge des d\u00e9c\u00e9d\u00e9s ayant tous des maladies chroniques est, selon le minist\u00e8re de la Sant\u00e9, de 64 ans. <em><strong>D. K.<\/strong><\/em><\/p>\n<\/blockquote>\n<p><span class=\"post-views-label\">Post Views:<\/span> <span class=\"post-views-count\">3\u00a0423<\/span><\/p>\n<p><br class=\"c2\"\/><br class=\"c6\"\/><\/p>\n<p>Auteur: Anis Khecheba<br \/>\n<a href=\"https:\/\/www.elwatan.com\/edition\/actualite\/temoignages-de-praticiens-de-la-sante-au-front-medecins-face-au-corona-22-03-2020\">Cliquez ici pour lire l&rsquo;article depuis sa source.<\/a><\/p>\n","protected":false},"excerpt":{"rendered":"<p>Dans les services o\u00f9 le feu est d\u00e9j\u00e0 en la demeure, \u00e0 l\u2019exemple du service infectiologie de Boufarik, les m\u00e9decins affrontent l\u2019incendie sans sourciller. C\u2019est comme si on nous annon\u00e7ait un bombardement imminent et qu\u2019on se retrouve p\u00e9trifi\u00e9s, d\u00e9munis, les bras ballants.\u00bb C\u2019est ainsi qu\u2019un m\u00e9decin sp\u00e9cialiste exer\u00e7ant dans un important h\u00f4pital alg\u00e9rois r\u00e9sume la [&hellip;]<\/p>\n","protected":false},"author":1743,"featured_media":79789,"comment_status":"closed","ping_status":"closed","sticky":false,"template":"","format":"standard","meta":{"fifu_image_url":"","fifu_image_alt":"","footnotes":""},"categories":[73,53],"tags":[],"class_list":["post-79788","post","type-post","status-publish","format-standard","has-post-thumbnail","hentry","category-actualite","category-algerie"],"_links":{"self":[{"href":"https:\/\/linitiative.ca\/International\/wp-json\/wp\/v2\/posts\/79788","targetHints":{"allow":["GET"]}}],"collection":[{"href":"https:\/\/linitiative.ca\/International\/wp-json\/wp\/v2\/posts"}],"about":[{"href":"https:\/\/linitiative.ca\/International\/wp-json\/wp\/v2\/types\/post"}],"author":[{"embeddable":true,"href":"https:\/\/linitiative.ca\/International\/wp-json\/wp\/v2\/users\/1743"}],"replies":[{"embeddable":true,"href":"https:\/\/linitiative.ca\/International\/wp-json\/wp\/v2\/comments?post=79788"}],"version-history":[{"count":0,"href":"https:\/\/linitiative.ca\/International\/wp-json\/wp\/v2\/posts\/79788\/revisions"}],"wp:featuredmedia":[{"embeddable":true,"href":"https:\/\/linitiative.ca\/International\/wp-json\/"}],"wp:attachment":[{"href":"https:\/\/linitiative.ca\/International\/wp-json\/wp\/v2\/media?parent=79788"}],"wp:term":[{"taxonomy":"category","embeddable":true,"href":"https:\/\/linitiative.ca\/International\/wp-json\/wp\/v2\/categories?post=79788"},{"taxonomy":"post_tag","embeddable":true,"href":"https:\/\/linitiative.ca\/International\/wp-json\/wp\/v2\/tags?post=79788"}],"curies":[{"name":"wp","href":"https:\/\/api.w.org\/{rel}","templated":true}]}}