{"id":79793,"date":"2020-03-22T07:54:00","date_gmt":"2020-03-22T11:54:00","guid":{"rendered":"https:\/\/linitiative.ca\/International\/cellule-de-recherche-developpement-covid-19-soutien-a-lutte-contre-le-coronavirus-en-tunisie\/"},"modified":"2020-03-22T07:54:00","modified_gmt":"2020-03-22T11:54:00","slug":"cellule-de-recherche-developpement-covid-19-soutien-a-lutte-contre-le-coronavirus-en-tunisie","status":"publish","type":"post","link":"https:\/\/linitiative.ca\/International\/cellule-de-recherche-developpement-covid-19-soutien-a-lutte-contre-le-coronavirus-en-tunisie\/","title":{"rendered":"Cellule de Recherche-D\u00e9veloppement COVID-19 : soutien \u00e0 lutte contre le Coronavirus en Tunisie"},"content":{"rendered":"<p><span class=\"c3\"><span class=\"c2\"><strong>1- Motivation<\/strong><\/span><\/span><\/p>\n<p>La Tunisie se trouve confront\u00e9e, \u00e0 l\u2019instar de la plupart des autres pays, \u00e0 une redoutable pand\u00e9mie caus\u00e9e par le coronavirus (Covid-19). La gravit\u00e9 de ce virus provient de son fort facteur de diffusion qui entraine, si des mesures draconiennes ne sont pas rapidement prises, une acc\u00e9l\u00e9ration de l\u2019encombrement des structures de soins, rendant impossible la prise en charge de nombreuses personnes infect\u00e9es, au p\u00e9ril de leur survie.<\/p>\n<p>C\u2019est pourquoi la plupart des experts s\u2019accordent sur le fait que la meilleure mesure \u00e0 prendre pour freiner la progression de la pand\u00e9mie consiste, d\u2019une part, \u00e0 \u00e9viter les contacts physiques entre individus, par le recours \u00e0 la sensibilisation et le confinement, et, d\u2019autre part \u00e0 la d\u00e9sinfection des lieux et \u00e9quipements publics et priv\u00e9s.<br \/>Conscients de leur devoir envers la patrie et conscients de l\u2019urgence de trouver des solutions adapt\u00e9es permettant d\u2019aider \u00e0 contenir la diffusion exponentielle de cette pand\u00e9mie, le groupe de sp\u00e9cialistes, de chercheurs et d\u2019universitaires, de diff\u00e9rentes sp\u00e9cialit\u00e9s dont les noms suivent se sont volontairement r\u00e9unis pour cr\u00e9er en commun une cellule de RD et entreprendre b\u00e9n\u00e9volement et de toute urgence les actions suivantes:<\/p>\n<p><strong><span class=\"c4\">\u2022<\/span><\/strong> Concevoir, tester et mettre \u00e0 la disposition des services concern\u00e9s un dispositif permettant de d\u00e9sinfecter les espaces publics et priv\u00e9s et r\u00e9duire ainsi les risques de contaminations des personnes qui en font usage. Cette conception s\u2019inspirera des meilleures pratiques appliqu\u00e9es \u00e0 l\u2019\u00e9chelle internationales.<\/p>\n<p><strong><span class=\"c4\">\u2022<\/span><\/strong> Exploiter la synergie entre les membres du groupe d\u2019experts en vue de proposer aux autorit\u00e9s publiques toute mesure, produit ou \u00e9quipements test\u00e9s de nature \u00e0 freiner la diffusion de la pand\u00e9mie ou venir en aide aux personnes contamin\u00e9es.<\/p>\n<p><span class=\"c3\"><span class=\"c2\"><strong>2- Mode de travail<\/strong><\/span><\/span><\/p>\n<p>Les \u00e9changes entre les membres de la cellule, qui reste ouvert \u00e0 toutes les comp\u00e9tences qui souhaitent y participer, se feront par les moyens du t\u00e9l\u00e9travail, dans le cadre d\u2019une plateforme d\u00e9di\u00e9e.<\/p>\n<p><span class=\"c3\"><span class=\"c2\"><strong>3- Mode de gestion<\/strong><\/span><\/span><\/p>\n<p>Le Forum Tunisien du Savoir et du D\u00e9veloppement Humain \u00ab FTSDH \u00bb qui b\u00e9n\u00e9ficie d\u2019un visa l\u00e9gal en tant qu\u2019association \u00e0 but non lucratif et dont le principal objectif est la mise du savoir et de ses applications au service du d\u00e9veloppement humain, constituera le cadre l\u00e9gal dans lequel se d\u00e9rouleront les activit\u00e9s de l\u2019unit\u00e9 de RDI.<\/p>\n<p>A cet effet, il g\u00e8rera les fonds qui seront r\u00e9colt\u00e9s pour permettre \u00e0 la cellule d\u2019entreprendre ses travaux dans les meilleures conditions possibles et avec la c\u00e9l\u00e9rit\u00e9 qu\u2019exige la gravit\u00e9 de la situation, tout en assurant une comptabilit\u00e9 d\u00e9di\u00e9e \u00e0 cet effet.<\/p>\n<p><span class=\"c3\"><span class=\"c2\"><strong>4- Premi\u00e8re Liste nominative de membres de la cellule RD<\/strong><\/span><\/span><\/p>\n<p><strong><span class=\"c4\">\u2022<\/span><\/strong> Pr. Ahmed Friaa (Math\u00e9matiques appliqu\u00e9es aux sciences de l\u2019ing\u00e9nieur), Pr\u00e9sident du FTSDH<br \/><strong><span class=\"c4\">\u2022<\/span><\/strong> Pr. Samir Hamza (Biom\u00e9canique et Biomat\u00e9riaux, INSAT), coordinateur<br \/><strong><span class=\"c4\">\u2022<\/span><\/strong> Pr. Mohamed Boussaid (Biotechnologie, INSAT)<br \/><strong><span class=\"c4\">\u2022<\/span><\/strong> Pr. Kamel Besbes (Micro\u00e9lectronique), Directeur G\u00e9n\u00e9ral du CRMN, Technop\u00f4le de Sousse<br \/><strong><span class=\"c4\">\u2022<\/span><\/strong> Pr. Jamel Eddine Belgaied (Chimie analytique, INSAT)<br \/><strong><span class=\"c4\">\u2022<\/span><\/strong> Pr. Mekki Ksouri (Micro-\u00e9lectronique, Esprit)<br \/><strong><span class=\"c4\">\u2022<\/span><\/strong> Pr. Adn\u00e8ne Abdelghani (Nanotechnologie, INSAT)<br \/><strong><span class=\"c4\">\u2022<\/span><\/strong> Pr. Maher Gtari (Microbiologie, INSAT)<br \/><strong><span class=\"c4\">\u2022<\/span><\/strong> Pr. Chokri Messaoued (Biotechnologie, INSAT)<br \/><strong><span class=\"c4\">\u2022<\/span><\/strong> Pr. Abdelhafid Gharbi (Physique, \u00e9lectronique, FST)<br \/><strong><span class=\"c4\">\u2022<\/span><\/strong> Pr. Moez Guettari (Physique, universit\u00e9 de Tunis)<br \/><strong><span class=\"c4\">\u2022<\/span><\/strong> Pr. Slah Ouerhani (Immunologie, INSAT)<br \/><strong><span class=\"c4\">\u2022<\/span><\/strong> Dr. Ridha Mokni (Institut National de Nutrition et Technologie Alimentaire)<br \/><strong><span class=\"c4\">\u2022<\/span><\/strong> Dr. Jaouhar Sakly (Micro-\u00e9lectronique, INSAT)<br \/><strong><span class=\"c4\">\u2022<\/span><\/strong> Dr. Lialia Sfaxi (G\u00e9nie logiciel, INSAT)<br \/><strong><span class=\"c4\">\u2022<\/span><\/strong> Dr. Aymen Sellaouti (G\u00e9nie logiciel, INSAT)<br \/><strong><span class=\"c4\">\u2022<\/span><\/strong> Dr. Farah Messai (Biologiste, sp\u00e9cialis\u00e9e en infectiologie)<br \/>\u00a0<\/p>\n<p>Auteur:<br \/>\n<a href=\"https:\/\/www.leaders.com.tn\/article\/29438-cellule-de-recherche-developpement-covid-19-soutien-a-lutte-contre-le-coronavirus-en-tunisie\">Cliquez ici pour lire l&rsquo;article depuis sa source.<\/a><\/p>\n","protected":false},"excerpt":{"rendered":"<p>1- Motivation La Tunisie se trouve confront\u00e9e, \u00e0 l\u2019instar de la plupart des autres pays, \u00e0 une redoutable pand\u00e9mie caus\u00e9e par le coronavirus (Covid-19). La gravit\u00e9 de ce virus provient de son fort facteur de diffusion qui entraine, si des mesures draconiennes ne sont pas rapidement prises, une acc\u00e9l\u00e9ration de l\u2019encombrement des structures de soins, [&hellip;]<\/p>\n","protected":false},"author":1772,"featured_media":0,"comment_status":"closed","ping_status":"closed","sticky":false,"template":"","format":"standard","meta":{"fifu_image_url":"","fifu_image_alt":"","footnotes":""},"categories":[73,55],"tags":[],"class_list":["post-79793","post","type-post","status-publish","format-standard","hentry","category-actualite","category-tunisie"],"_links":{"self":[{"href":"https:\/\/linitiative.ca\/International\/wp-json\/wp\/v2\/posts\/79793","targetHints":{"allow":["GET"]}}],"collection":[{"href":"https:\/\/linitiative.ca\/International\/wp-json\/wp\/v2\/posts"}],"about":[{"href":"https:\/\/linitiative.ca\/International\/wp-json\/wp\/v2\/types\/post"}],"author":[{"embeddable":true,"href":"https:\/\/linitiative.ca\/International\/wp-json\/wp\/v2\/users\/1772"}],"replies":[{"embeddable":true,"href":"https:\/\/linitiative.ca\/International\/wp-json\/wp\/v2\/comments?post=79793"}],"version-history":[{"count":0,"href":"https:\/\/linitiative.ca\/International\/wp-json\/wp\/v2\/posts\/79793\/revisions"}],"wp:attachment":[{"href":"https:\/\/linitiative.ca\/International\/wp-json\/wp\/v2\/media?parent=79793"}],"wp:term":[{"taxonomy":"category","embeddable":true,"href":"https:\/\/linitiative.ca\/International\/wp-json\/wp\/v2\/categories?post=79793"},{"taxonomy":"post_tag","embeddable":true,"href":"https:\/\/linitiative.ca\/International\/wp-json\/wp\/v2\/tags?post=79793"}],"curies":[{"name":"wp","href":"https:\/\/api.w.org\/{rel}","templated":true}]}}