{"id":79796,"date":"2020-03-22T15:13:00","date_gmt":"2020-03-22T19:13:00","guid":{"rendered":"https:\/\/linitiative.ca\/International\/forces-de-securite-interieure-ces-vaillants-protecteurs-des-tunisiens-album-photos\/"},"modified":"2020-03-22T15:13:00","modified_gmt":"2020-03-22T19:13:00","slug":"forces-de-securite-interieure-ces-vaillants-protecteurs-des-tunisiens-album-photos","status":"publish","type":"post","link":"https:\/\/linitiative.ca\/International\/forces-de-securite-interieure-ces-vaillants-protecteurs-des-tunisiens-album-photos\/","title":{"rendered":"Forces de s\u00e9curit\u00e9 int\u00e9rieure : Ces vaillants protecteurs des Tunisiens (Album photos)"},"content":{"rendered":"<p>Avec l\u2019arm\u00e9e nationale, ils sont le bouclier contre le terrorisme, le crime et l\u2019ins\u00e9curit\u00e9. D\u00e9ploy\u00e9s partout sur le territoire tunisien, les agents de la Police et de la Garde nationale ne peuvent \u00eatre sollicit\u00e9s davantage qu\u2019en ces temps de couvre-feu nocturne et de confinement g\u00e9n\u00e9ralis\u00e9. Avec peu de moyens, mais beaucoup de d\u00e9termination, ils assurent en tout patriotisme leur mission de premi\u00e8re importance.<\/p>\n<p>A chaque nouvelle \u00e9preuves, l\u2019arm\u00e9e et les forces de s\u00e9curit\u00e9 int\u00e9rieures se d\u00e9clenchent vaillamment avec bravoure et professionnalisme, en h\u00e9ros. La nation, reconnaissante.<br \/>\u00a0<\/p>\n<p>Auteur:<br \/>\n<a href=\"https:\/\/www.leaders.com.tn\/article\/29448-forces-de-securite-interieure-ces-vaillants-protecteurs-des-tunisiens-album-photos\">Cliquez ici pour lire l&rsquo;article depuis sa source.<\/a><\/p>\n","protected":false},"excerpt":{"rendered":"<p>Avec l\u2019arm\u00e9e nationale, ils sont le bouclier contre le terrorisme, le crime et l\u2019ins\u00e9curit\u00e9. D\u00e9ploy\u00e9s partout sur le territoire tunisien, les agents de la Police et de la Garde nationale ne peuvent \u00eatre sollicit\u00e9s davantage qu\u2019en ces temps de couvre-feu nocturne et de confinement g\u00e9n\u00e9ralis\u00e9. Avec peu de moyens, mais beaucoup de d\u00e9termination, ils assurent [&hellip;]<\/p>\n","protected":false},"author":1772,"featured_media":0,"comment_status":"closed","ping_status":"closed","sticky":false,"template":"","format":"standard","meta":{"fifu_image_url":"","fifu_image_alt":"","footnotes":""},"categories":[73,55],"tags":[],"class_list":["post-79796","post","type-post","status-publish","format-standard","hentry","category-actualite","category-tunisie"],"_links":{"self":[{"href":"https:\/\/linitiative.ca\/International\/wp-json\/wp\/v2\/posts\/79796","targetHints":{"allow":["GET"]}}],"collection":[{"href":"https:\/\/linitiative.ca\/International\/wp-json\/wp\/v2\/posts"}],"about":[{"href":"https:\/\/linitiative.ca\/International\/wp-json\/wp\/v2\/types\/post"}],"author":[{"embeddable":true,"href":"https:\/\/linitiative.ca\/International\/wp-json\/wp\/v2\/users\/1772"}],"replies":[{"embeddable":true,"href":"https:\/\/linitiative.ca\/International\/wp-json\/wp\/v2\/comments?post=79796"}],"version-history":[{"count":0,"href":"https:\/\/linitiative.ca\/International\/wp-json\/wp\/v2\/posts\/79796\/revisions"}],"wp:attachment":[{"href":"https:\/\/linitiative.ca\/International\/wp-json\/wp\/v2\/media?parent=79796"}],"wp:term":[{"taxonomy":"category","embeddable":true,"href":"https:\/\/linitiative.ca\/International\/wp-json\/wp\/v2\/categories?post=79796"},{"taxonomy":"post_tag","embeddable":true,"href":"https:\/\/linitiative.ca\/International\/wp-json\/wp\/v2\/tags?post=79796"}],"curies":[{"name":"wp","href":"https:\/\/api.w.org\/{rel}","templated":true}]}}