{"id":79800,"date":"2020-03-22T15:06:51","date_gmt":"2020-03-22T19:06:51","guid":{"rendered":"https:\/\/linitiative.ca\/International\/coronavirus-4eme-deces-au-maroc-le-bilan-passe-a-115-cas-confirmes\/"},"modified":"2020-03-22T15:06:51","modified_gmt":"2020-03-22T19:06:51","slug":"coronavirus-4eme-deces-au-maroc-le-bilan-passe-a-115-cas-confirmes","status":"publish","type":"post","link":"https:\/\/linitiative.ca\/International\/coronavirus-4eme-deces-au-maroc-le-bilan-passe-a-115-cas-confirmes\/","title":{"rendered":"Coronavirus : 4\u00e8me d\u00e9c\u00e8s au Maroc, le bilan passe \u00e0 115 cas confirm\u00e9s"},"content":{"rendered":"<p><strong>Le 4\u00e8me d\u00e9c\u00e8s et 6 nouveaux cas confirm\u00e9s de contamination au nouveau coronavirus (Covid-19) ont \u00e9t\u00e9 enregistr\u00e9s au Maroc, portant \u00e0 115 le nombre total d\u2019infections dans le Royaume jusqu\u2019\u00e0 dimanche soir, annonce le minist\u00e8re de la Sant\u00e9 sur son site \u00ab\u00a0www.covidmaroc.ma\u00a0\u00bb.<\/strong><\/p>\n<div class=\"c10\"\/>\n<p>La personne d\u00e9c\u00e9d\u00e9e est une citoyenne marocaine, originaire de <strong>Khouribga<\/strong>. Les six nouveaux cas ont \u00e9t\u00e9 enregistr\u00e9s dans les villes de Mekn\u00e8s (3), Casablanca (2), Rabat (1), pr\u00e9cise-t-on de m\u00eame source.<\/p>\n<p>Les cas d\u00e9tect\u00e9s sont actuellement sous assistance m\u00e9dicale \u00e0 l\u2019h\u00f4pital o\u00f9 ils sont pris en charge conform\u00e9ment aux mesures sanitaires en vigueur, indique le minist\u00e8re, faisant savoir que les cas exclus suite \u00e0 un r\u00e9sultat n\u00e9gatif du <strong>laboratoire<\/strong> sont au nombre de 301.<\/p>\n<p>Lire aussi: <a href=\"https:\/\/www.challenge.ma\/tanger-arrestation-de-deux-individus-soupconnes-dincitation-au-rassemblement-133570\/\">Tanger : Arrestation de deux individus soup\u00e7onn\u00e9s d\u2019incitation au rassemblement<\/a><\/p>\n<p>Le minist\u00e8re de la Sant\u00e9 invite les citoyennes et les citoyens \u00e0 respecter les r\u00e8gles d\u2019hygi\u00e8ne et de <strong>s\u00e9curit\u00e9 sanitaire<\/strong> ainsi que les mesures pr\u00e9ventives prises par les autorit\u00e9s marocaines en faisant preuve de responsabilit\u00e9 et de patriotisme.<\/p>\n<p><img decoding=\"async\" src=\"https:\/\/www.challenge.ma\/wp-content\/uploads\/2020\/03\/WhatsApp-Image-2020-03-22-at-20.53.24.jpeg\" alt=\"\" class=\"wp-image-133589\" srcset=\"https:\/\/www.challenge.ma\/wp-content\/uploads\/2020\/03\/WhatsApp-Image-2020-03-22-at-20.53.24.jpeg 796w, https:\/\/www.challenge.ma\/wp-content\/uploads\/2020\/03\/WhatsApp-Image-2020-03-22-at-20.53.24-300x288.jpeg 300w, https:\/\/www.challenge.ma\/wp-content\/uploads\/2020\/03\/WhatsApp-Image-2020-03-22-at-20.53.24-768x737.jpeg 768w, https:\/\/www.challenge.ma\/wp-content\/uploads\/2020\/03\/WhatsApp-Image-2020-03-22-at-20.53.24-360x346.jpeg 360w, https:\/\/www.challenge.ma\/wp-content\/uploads\/2020\/03\/WhatsApp-Image-2020-03-22-at-20.53.24-750x720.jpeg 750w\" sizes=\"(max-width: 796px) 100vw, 796px\"\/><\/p>\n<div class=\"c17\">\n<fieldset class=\"c16\">\n<legend><strong><span class=\"c11\">Challenge<\/span><span class=\"c12\">news<\/span><\/strong><\/legend>\n<div class=\"c15\">Le meilleur de Challenge s\u00e9lectionn\u00e9 par la r\u00e9daction :<\/p>\n<\/div>\n<\/fieldset>\n<\/div>\n<p>Auteur: Hajar DARI<br \/>\n<a href=\"https:\/\/www.challenge.ma\/coronavirus-4eme-deces-au-maroc-le-bilan-passe-a-115-cas-confirmes-133586\/\">Cliquez ici pour lire l&rsquo;article depuis sa source.<\/a><\/p>\n","protected":false},"excerpt":{"rendered":"<p>Le 4\u00e8me d\u00e9c\u00e8s et 6 nouveaux cas confirm\u00e9s de contamination au nouveau coronavirus (Covid-19) ont \u00e9t\u00e9 enregistr\u00e9s au Maroc, portant \u00e0 115 le nombre total d\u2019infections dans le Royaume jusqu\u2019\u00e0 dimanche soir, annonce le minist\u00e8re de la Sant\u00e9 sur son site \u00ab\u00a0www.covidmaroc.ma\u00a0\u00bb. La personne d\u00e9c\u00e9d\u00e9e est une citoyenne marocaine, originaire de Khouribga. Les six nouveaux [&hellip;]<\/p>\n","protected":false},"author":1787,"featured_media":79801,"comment_status":"closed","ping_status":"closed","sticky":false,"template":"","format":"standard","meta":{"fifu_image_url":"","fifu_image_alt":"","footnotes":""},"categories":[78,54],"tags":[],"class_list":["post-79800","post","type-post","status-publish","format-standard","has-post-thumbnail","hentry","category-economie","category-maroc"],"_links":{"self":[{"href":"https:\/\/linitiative.ca\/International\/wp-json\/wp\/v2\/posts\/79800","targetHints":{"allow":["GET"]}}],"collection":[{"href":"https:\/\/linitiative.ca\/International\/wp-json\/wp\/v2\/posts"}],"about":[{"href":"https:\/\/linitiative.ca\/International\/wp-json\/wp\/v2\/types\/post"}],"author":[{"embeddable":true,"href":"https:\/\/linitiative.ca\/International\/wp-json\/wp\/v2\/users\/1787"}],"replies":[{"embeddable":true,"href":"https:\/\/linitiative.ca\/International\/wp-json\/wp\/v2\/comments?post=79800"}],"version-history":[{"count":0,"href":"https:\/\/linitiative.ca\/International\/wp-json\/wp\/v2\/posts\/79800\/revisions"}],"wp:featuredmedia":[{"embeddable":true,"href":"https:\/\/linitiative.ca\/International\/wp-json\/"}],"wp:attachment":[{"href":"https:\/\/linitiative.ca\/International\/wp-json\/wp\/v2\/media?parent=79800"}],"wp:term":[{"taxonomy":"category","embeddable":true,"href":"https:\/\/linitiative.ca\/International\/wp-json\/wp\/v2\/categories?post=79800"},{"taxonomy":"post_tag","embeddable":true,"href":"https:\/\/linitiative.ca\/International\/wp-json\/wp\/v2\/tags?post=79800"}],"curies":[{"name":"wp","href":"https:\/\/api.w.org\/{rel}","templated":true}]}}