{"id":79802,"date":"2020-03-22T16:00:17","date_gmt":"2020-03-22T20:00:17","guid":{"rendered":"https:\/\/linitiative.ca\/International\/etat-durgence-sanitaire-des-sanctions-penales-dans-le-decret-loi\/"},"modified":"2020-03-22T16:00:17","modified_gmt":"2020-03-22T20:00:17","slug":"etat-durgence-sanitaire-des-sanctions-penales-dans-le-decret-loi","status":"publish","type":"post","link":"https:\/\/linitiative.ca\/International\/etat-durgence-sanitaire-des-sanctions-penales-dans-le-decret-loi\/","title":{"rendered":"Etat d\u2019urgence sanitaire : des sanctions p\u00e9nales dans le d\u00e9cret-loi"},"content":{"rendered":"<p><strong>Pour faire face aux risques inh\u00e9rents \u00e0 la pand\u00e9mie actuelle due au virus Covid19, le Conseil de Gouvernement, r\u00e9uni le 22 mars, a d\u00e9clar\u00e9 l\u2019\u00e9tat d\u2019urgence sanitaire pendant une dur\u00e9e de 30 jours.<\/strong><\/p>\n<div class=\"c10\"\/>\n<p>En effet, un d\u00e9cret-loi vient d\u2019\u00eatre adopt\u00e9 par le Conseil de Gouvernement, conform\u00e9ment \u00e0 l\u2019article 81 de la Constitution qui permet au gouvernement d\u2019agir dans des situations urgentes et exceptionnelles. Et c\u2019est le cas aujourd\u2019hui, compte tenu des risques li\u00e9s \u00e0 l\u2019extension en cours de la pand\u00e9mie, due au Covid19, dans le monde.<\/p>\n<p class=\"c11\"><strong>Le d\u00e9cret-loi s\u2019applique \u00e0 l\u2019ensemble du territoire national<\/strong><\/p>\n<p>Sur la base de ce d\u00e9cret-loi, pourront ainsi \u00eatre prises toutes les mesures administratives n\u00e9cessaires pour prot\u00e9ger la sant\u00e9 de la population et assurer la s\u00e9curit\u00e9 sanitaire du pays, dans son ensemble.<\/p>\n<p>Le d\u00e9cret-loi pr\u00e9voit aussi, en cas de non-respect des restrictions pr\u00e9vues, des sanctions p\u00e9nales, sous forme de peine d\u2019emprisonnement d\u2019un \u00e0 trois mois de prison et\/ou d\u2019une amende de 300 \u00e0 1300 dirhams, nonobstant toute autre sanction plus s\u00e9v\u00e8re en cas de circonstances aggravantes.<br \/>N\u00e9anmoins, il est bien pr\u00e9cis\u00e9 que le d\u00e9cret-loi ne fait pas obstacle \u00e0 la continuit\u00e9 normale des services publics de base, avec la garantie d\u2019assurer les prestations de ces services aux usagers.<\/p>\n<p>Par ailleurs, le d\u00e9cret-loi permet, en cas de n\u00e9cessit\u00e9, au gouvernement, de prendre, de mani\u00e8re exceptionnelle, toute mesure \u00e0 caract\u00e8re \u00e9conomique, financier, social ou environnemental, rev\u00eatant une urgence, et pouvant contribuer directement \u00e0 pallier les \u00e9ventuels effets n\u00e9gatifs pouvant r\u00e9sulter de la d\u00e9claration de l\u2019\u00e9tat d\u2019urgence sanitaire.<\/p>\n<p>Le Conseil de Gouvernement a aussi approuv\u00e9 un d\u00e9cret d\u2019application du d\u00e9cret-loi. Ce d\u00e9cret d\u2019application pr\u00e9cise le d\u00e9lai de l\u2019\u00e9tat d\u2019urgence sanitaire proclam\u00e9, allant du 20 mars au 20 avril 2020, tout en explicitant les modalit\u00e9s de restrictions de la mobilit\u00e9 des personnes sur le territoire national. Ce d\u00e9lai pourrait \u00e9ventuellement \u00eatre prorog\u00e9 par un nouveau d\u00e9cret d\u2019application en cas de n\u00e9cessit\u00e9.<\/p>\n<div class=\"c18\">\n<fieldset class=\"c17\">\n<legend><strong><span class=\"c12\">Challenge<\/span><span class=\"c13\">news<\/span><\/strong><\/legend>\n<div class=\"c16\">Le meilleur de Challenge s\u00e9lectionn\u00e9 par la r\u00e9daction :<\/p>\n<\/div>\n<\/fieldset>\n<\/div>\n<p>Auteur: Mohamed Amine<br \/>\n<a href=\"https:\/\/www.challenge.ma\/etat-durgence-sanitaire-des-sanctions-penales-dans-le-decret-loi-133604\/\">Cliquez ici pour lire l&rsquo;article depuis sa source.<\/a><\/p>\n","protected":false},"excerpt":{"rendered":"<p>Pour faire face aux risques inh\u00e9rents \u00e0 la pand\u00e9mie actuelle due au virus Covid19, le Conseil de Gouvernement, r\u00e9uni le 22 mars, a d\u00e9clar\u00e9 l\u2019\u00e9tat d\u2019urgence sanitaire pendant une dur\u00e9e de 30 jours. En effet, un d\u00e9cret-loi vient d\u2019\u00eatre adopt\u00e9 par le Conseil de Gouvernement, conform\u00e9ment \u00e0 l\u2019article 81 de la Constitution qui permet au [&hellip;]<\/p>\n","protected":false},"author":1787,"featured_media":0,"comment_status":"closed","ping_status":"closed","sticky":false,"template":"","format":"standard","meta":{"fifu_image_url":"","fifu_image_alt":"","footnotes":""},"categories":[78,54],"tags":[],"class_list":["post-79802","post","type-post","status-publish","format-standard","hentry","category-economie","category-maroc"],"_links":{"self":[{"href":"https:\/\/linitiative.ca\/International\/wp-json\/wp\/v2\/posts\/79802","targetHints":{"allow":["GET"]}}],"collection":[{"href":"https:\/\/linitiative.ca\/International\/wp-json\/wp\/v2\/posts"}],"about":[{"href":"https:\/\/linitiative.ca\/International\/wp-json\/wp\/v2\/types\/post"}],"author":[{"embeddable":true,"href":"https:\/\/linitiative.ca\/International\/wp-json\/wp\/v2\/users\/1787"}],"replies":[{"embeddable":true,"href":"https:\/\/linitiative.ca\/International\/wp-json\/wp\/v2\/comments?post=79802"}],"version-history":[{"count":0,"href":"https:\/\/linitiative.ca\/International\/wp-json\/wp\/v2\/posts\/79802\/revisions"}],"wp:attachment":[{"href":"https:\/\/linitiative.ca\/International\/wp-json\/wp\/v2\/media?parent=79802"}],"wp:term":[{"taxonomy":"category","embeddable":true,"href":"https:\/\/linitiative.ca\/International\/wp-json\/wp\/v2\/categories?post=79802"},{"taxonomy":"post_tag","embeddable":true,"href":"https:\/\/linitiative.ca\/International\/wp-json\/wp\/v2\/tags?post=79802"}],"curies":[{"name":"wp","href":"https:\/\/api.w.org\/{rel}","templated":true}]}}